{"id":115658,"date":"2025-06-03T08:27:05","date_gmt":"2025-06-03T08:27:05","guid":{"rendered":"https:\/\/rdnews.al\/?p=115658"},"modified":"2025-06-03T08:27:05","modified_gmt":"2025-06-03T08:27:05","slug":"kellici-kqz-eshte-kthyer-ne-repartin-ushtarak-te-edi-rames","status":"publish","type":"post","link":"https:\/\/rdnews.al\/index.php\/2025\/06\/03\/kellici-kqz-eshte-kthyer-ne-repartin-ushtarak-te-edi-rames\/","title":{"rendered":"K\u00eblli\u00e7i: KQZ \u00ebsht\u00eb kthyer n\u00eb repartin ushtarak t\u00eb Edi Ram\u00ebs!"},"content":{"rendered":"<p>Deputeti i zgjedhur p\u00ebr Qarkun e Tiran\u00ebs i PD, Belind K\u00eblli\u00e7i tha se, KQZ institucioni q\u00eb duhet t\u00eb ishte garantori i mbar\u00ebvajtjes s\u00eb zgjedhjeve n\u00eb Shqip\u00ebri, sipas tij, \u00ebsht\u00eb kthyer n\u00eb nj\u00eb repart ushtarak t\u00eb qeveris\u00eb.<\/p>\n<p>K\u00eblli\u00e7i theksoi se n\u00eb zgjedhjet e 11 majit kutit\u00eb e votimi jan\u00eb mbushur me flet\u00eb jo zyrtare, ku sipas tij, k\u00ebto favorizonin vet\u00ebm PS.<\/p>\n<p>\u201cKjo shkon paralel me denoncimin ton\u00eb, p\u00ebr sa i p\u00ebrket fenomenit me trenit bullgar dhe futjes brenda t\u00eb kutive t\u00eb votimit t\u00eb flet\u00ebve t\u00eb cilat nuk kan\u00eb qen\u00eb flet\u00eb zyrtare t\u00eb procesit elektoral. Dhe pjesa tjet\u00ebr e atij denoncimi q\u00eb ne kemi b\u00ebr\u00eb publik, q\u00eb kemi dyshime shum\u00eb t\u00eb forta t\u00eb bazuar n\u00eb prova dhe fakte. T\u00eb cilat tregojn\u00eb nxjerrjen jasht\u00eb t\u00eb nj\u00eb sasie t\u00eb madhe t\u00eb flet\u00ebve t\u00eb votimit dhe p\u00ebrdorimi t\u00eb vulave t\u00eb kopjuara, t\u00eb personave q\u00eb jan\u00eb marr\u00eb me fars\u00ebn elektorale n\u00eb 11 maj. P\u00ebr t\u00eb mbushur kutit\u00eb me flet\u00eb votimi q\u00eb nuk kan\u00eb qen\u00eb flet\u00eb zyrtare t\u00eb KQZ. I prin k\u00ebtij procesi dhe k\u00ebtij denoncimi, ajo \u00e7far\u00eb ka ndihur n\u00eb shkoll\u00ebn Sami Frash\u00ebri ku un\u00eb personalisht live para media tuaj, q\u00eb fatmir\u00ebsisht jeni e vetmja q\u00eb e pasqyroni asnj\u00eb media tjet\u00ebr nuk ka ardhur.<\/p>\n<p>Kam denoncuar edhe fenomenin e flet\u00ebve me ngjyr\u00eb tjet\u00ebr nga ngjyra standarte e flet\u00ebve t\u00eb votimi n\u00eb 11 maj. Ku jan\u00eb p\u00ebrdorur flet\u00eb, ku n\u00eb gjykimin e num\u00ebruesve vet\u00eb por dhe atyre t\u00eb PS, pra le t\u00eb marrim p\u00ebr nj\u00eb momentin, ku nj\u00eb n\u00ebmur\u00ebs i PD ka interesin ta shpall\u00eb t\u00eb pavlefshme nj\u00eb flet\u00eb q\u00eb shkon kund\u00ebr interesit t\u00eb tij. Por kur dhe num\u00ebruesit e PS, bien dakord q\u00eb ka flet\u00eb n\u00eb kuti q\u00eb nuk jan\u00eb flet\u00eb origjinale dhe duksh\u00ebm dallohen q\u00eb kan\u00eb tjet\u00ebr ngjyr\u00eb dhe tjet\u00ebr p\u00ebrb\u00ebrje dhe tjet\u00ebr material. At\u00ebher\u00eb kemi t\u00eb b\u00ebjm\u00eb me nj\u00eb rast flagrant t\u00eb manipulimit t\u00eb procesit dhe mbushjes s\u00eb kutive me flet\u00eb, t\u00eb cilat nuk jan\u00eb flet\u00eb origjinale.<\/p>\n<p>\u00c7udit\u00ebrisht k\u00ebto flet\u00eb jan\u00eb prer\u00eb n\u00eb favor t\u00eb PS, dhe asnj\u00eb flet\u00eb n\u00eb favor t\u00eb PD-s\u00eb. K\u00ebshtu q\u00eb nuk m\u00eb b\u00ebn p\u00ebrshtypje aspak k\u00ebrkesa e fundit q\u00eb ka b\u00ebr\u00eb PD n\u00eb KQZ. Ne do t\u2019i shkojm\u00eb deri n\u00eb fund t\u00eb gjitha pretendimeve, ankesave, denoncimeve dhe t\u00eb gjitha shqet\u00ebsimeve q\u00eb kemi marr\u00eb nga e gjitha trupa jon\u00eb elektorale. T\u00eb gjitha k\u00ebto denoncimet q\u00eb kemi b\u00ebr\u00eb pra PD n\u00eb KQZ, edhe pse sot KQZ \u00ebsht\u00eb nj\u00eb repart ushtarak i qeveris\u00eb dhe drejtohet nga nj\u00eb minist\u00ebr i ish-qeveris\u00eb Rama. Padyshim q\u00eb ka nj\u00eb ndikim politik dhe \u00ebsht\u00eb nj\u00eb mash e qeveris\u00eb. Si institucion q\u00eb duhet t\u00eb ishte garantori, i procesit t\u00eb zgjedhor n\u00eb Shqip\u00ebri.<\/p>\n<p>Prapa s\u00eb prap\u00eb k\u00ebto denoncime q\u00eb ne b\u00ebjm\u00eb, nuk shkojn\u00eb pa u v\u00ebn\u00eb re tek partner\u00ebt dhe miqt\u00eb tan\u00eb, puna q\u00eb kemi b\u00ebr\u00eb n\u00eb Atixhan dhe Bregun e Fildisht\u00eb. Pavar\u00ebsisht q\u00eb mediat e majta jan\u00eb \u00e7mendur me k\u00ebt\u00eb histori, q\u00eb e pasqyrojn\u00eb sikur ne kemi ardhur p\u00ebr t\u2019ja paraqitur autoriteteve Afrikane k\u00ebto denoncimeve. Nuk \u00ebsht\u00eb kjo historia un\u00eb s\u00eb bashku me zonj\u00ebn Vokshi, edhe ajo n\u00eb cil\u00ebsin\u00eb e n\u00ebnkryetares s\u00eb t\u00eb organizat\u00ebs zyrtare t\u00eb grave t\u00eb partis\u00eb popullore t\u00eb grave. Kemi ardhur n\u00eb Adixhan p\u00ebr shkak se organizohet Ansambleja dhjetore IDC\/CDI e cila \u00ebsht\u00eb organizata m\u00eb e madhe e spektrit t\u00eb qendr\u00ebs s\u00eb djatht\u00eb n\u00eb bot\u00eb\u201d, tha K\u00eblli\u00e7i n\u00eb Syri TV.<\/p>\n","protected":false},"excerpt":{"rendered":"<p>Deputeti i zgjedhur p\u00ebr Qarkun e Tiran\u00ebs i PD, Belind K\u00eblli\u00e7i tha se, KQZ institucioni q\u00eb duhet t\u00eb ishte garantori i mbar\u00ebvajtjes s\u00eb zgjedhjeve n\u00eb Shqip\u00ebri, sipas tij, \u00ebsht\u00eb kthyer n\u00eb nj\u00eb repart ushtarak t\u00eb qeveris\u00eb. K\u00eblli\u00e7i theksoi se n\u00eb zgjedhjet e 11 majit kutit\u00eb e votimi jan\u00eb mbushur me flet\u00eb jo zyrtare, ku sipas &hellip;<\/p>\n","protected":false},"author":4,"featured_media":107962,"comment_status":"closed","ping_status":"closed","sticky":false,"template":"","format":"standard","meta":{"footnotes":""},"categories":[37],"tags":[],"class_list":["post-115658","post","type-post","status-publish","format-standard","has-post-thumbnail","","category-politike"],"_links":{"self":[{"href":"https:\/\/rdnews.al\/index.php\/wp-json\/wp\/v2\/posts\/115658","targetHints":{"allow":["GET"]}}],"collection":[{"href":"https:\/\/rdnews.al\/index.php\/wp-json\/wp\/v2\/posts"}],"about":[{"href":"https:\/\/rdnews.al\/index.php\/wp-json\/wp\/v2\/types\/post"}],"author":[{"embeddable":true,"href":"https:\/\/rdnews.al\/index.php\/wp-json\/wp\/v2\/users\/4"}],"replies":[{"embeddable":true,"href":"https:\/\/rdnews.al\/index.php\/wp-json\/wp\/v2\/comments?post=115658"}],"version-history":[{"count":1,"href":"https:\/\/rdnews.al\/index.php\/wp-json\/wp\/v2\/posts\/115658\/revisions"}],"predecessor-version":[{"id":115659,"href":"https:\/\/rdnews.al\/index.php\/wp-json\/wp\/v2\/posts\/115658\/revisions\/115659"}],"wp:featuredmedia":[{"embeddable":true,"href":"https:\/\/rdnews.al\/index.php\/wp-json\/wp\/v2\/media\/107962"}],"wp:attachment":[{"href":"https:\/\/rdnews.al\/index.php\/wp-json\/wp\/v2\/media?parent=115658"}],"wp:term":[{"taxonomy":"category","embeddable":true,"href":"https:\/\/rdnews.al\/index.php\/wp-json\/wp\/v2\/categories?post=115658"},{"taxonomy":"post_tag","embeddable":true,"href":"https:\/\/rdnews.al\/index.php\/wp-json\/wp\/v2\/tags?post=115658"}],"curies":[{"name":"wp","href":"https:\/\/api.w.org\/{rel}","templated":true}]}}