{"id":115764,"date":"2025-06-04T10:35:35","date_gmt":"2025-06-04T10:35:35","guid":{"rendered":"https:\/\/rdnews.al\/?p=115764"},"modified":"2025-06-04T11:01:55","modified_gmt":"2025-06-04T11:01:55","slug":"pas-ppe-edhe-parlamenti-europian-do-dergoje-mision-faktmbledhes-ne-shqiperi","status":"publish","type":"post","link":"https:\/\/rdnews.al\/index.php\/2025\/06\/04\/pas-ppe-edhe-parlamenti-europian-do-dergoje-mision-faktmbledhes-ne-shqiperi\/","title":{"rendered":"Parlamenti Europian do d\u00ebrgoj\u00eb nj\u00eb mision n\u00eb Shqip\u00ebri p\u00ebr t\u00eb hetuar fars\u00ebn elektorale dhe kartelet"},"content":{"rendered":"<p>Pas\u00a0<a href=\"https:\/\/www.syri.net\/politike\/793198\/video-ppe-pranon-kerkesen-e-berishes-mision-faktmbledhes-do-te-dergohet-ne-shqiperi\/\" target=\"_blank\" rel=\"noopener\">Partis\u00eb Popullore Europiane<\/a> edhe Parlamenti Europian pritet t\u00eb d\u00ebrgoj\u00eb nj\u00eb mision faktmbledh\u00ebs n\u00eb Shqip\u00ebri.<\/p>\n<p>Kjo u b\u00eb e ditur gjat\u00eb seanc\u00ebs s\u00eb Komisionit t\u00eb Pun\u00ebve t\u00eb Jashtme t\u00eb k\u00ebtij parlamenti.<\/p>\n<p>Gjat\u00eb k\u00ebsaj seance u diskutua p\u00ebr raportin vjetor p\u00ebr Shqip\u00ebrin\u00eb, por theksi u vu tek farsa elektorale.<\/p>\n<p>Kryetari i k\u00ebtij komisioni, David McAllister tha se zakonisht k\u00ebto \u00e7\u00ebshtje elektorale diskutohen m\u00eb von\u00eb, por situata n\u00eb Shqip\u00ebri \u00ebsht\u00eb e ndjeshme.<\/p>\n<p><em>\u201cKoleg\u00eb, mendoj se ishte mir\u00eb q\u00eb Shqip\u00ebria ishte n\u00eb axhend\u00eb, pas v\u00ebzhgimit t\u00eb zgjedhjeve p\u00ebr shkak t\u00eb sensitivitetit,\u201d\u00a0<\/em>tha McAllister.<\/p>\n<p>Politikani i r\u00ebnd\u00ebsish\u00ebm gjerman paralajm\u00ebroi nj\u00eb mision t\u00eb k\u00ebtij parlamenti p\u00ebr mbledhje faktesh n\u00eb pjes\u00ebn e par\u00eb t\u00eb vitit q\u00eb vjen.<\/p>\n<p><em>\u201cShqip\u00ebria do mbetet n\u00eb axhend\u00ebn ton\u00eb. Ne do marrim n\u00eb konsiderat\u00eb misionet tona jasht\u00eb p\u00ebr n\u00eb vitin 2026. Un\u00eb do sugjeroj q\u00eb n\u00eb pjes\u00ebn e par\u00eb t\u00eb vitit t\u00eb udh\u00ebtojm\u00eb n\u00eb vendet n\u00eb zgjerim, dhe Shqip\u00ebria duhet t\u00eb p\u00ebrfshihet patjet\u00ebr.<\/em><em> Por kjo do vendoset n\u00eb vjesht\u00eb<\/em><em>\u201d<\/em><em>,<\/em><em>\u00a0<\/em>tha McAllister.<\/p>\n","protected":false},"excerpt":{"rendered":"<p>Pas\u00a0Partis\u00eb Popullore Europiane edhe Parlamenti Europian pritet t\u00eb d\u00ebrgoj\u00eb nj\u00eb mision faktmbledh\u00ebs n\u00eb Shqip\u00ebri. Kjo u b\u00eb e ditur gjat\u00eb seanc\u00ebs s\u00eb Komisionit t\u00eb Pun\u00ebve t\u00eb Jashtme t\u00eb k\u00ebtij parlamenti. Gjat\u00eb k\u00ebsaj seance u diskutua p\u00ebr raportin vjetor p\u00ebr Shqip\u00ebrin\u00eb, por theksi u vu tek farsa elektorale. Kryetari i k\u00ebtij komisioni, David McAllister tha se &hellip;<\/p>\n","protected":false},"author":4,"featured_media":115767,"comment_status":"closed","ping_status":"closed","sticky":false,"template":"","format":"standard","meta":{"footnotes":""},"categories":[37],"tags":[],"class_list":["post-115764","post","type-post","status-publish","format-standard","has-post-thumbnail","","category-politike"],"_links":{"self":[{"href":"https:\/\/rdnews.al\/index.php\/wp-json\/wp\/v2\/posts\/115764","targetHints":{"allow":["GET"]}}],"collection":[{"href":"https:\/\/rdnews.al\/index.php\/wp-json\/wp\/v2\/posts"}],"about":[{"href":"https:\/\/rdnews.al\/index.php\/wp-json\/wp\/v2\/types\/post"}],"author":[{"embeddable":true,"href":"https:\/\/rdnews.al\/index.php\/wp-json\/wp\/v2\/users\/4"}],"replies":[{"embeddable":true,"href":"https:\/\/rdnews.al\/index.php\/wp-json\/wp\/v2\/comments?post=115764"}],"version-history":[{"count":3,"href":"https:\/\/rdnews.al\/index.php\/wp-json\/wp\/v2\/posts\/115764\/revisions"}],"predecessor-version":[{"id":115772,"href":"https:\/\/rdnews.al\/index.php\/wp-json\/wp\/v2\/posts\/115764\/revisions\/115772"}],"wp:featuredmedia":[{"embeddable":true,"href":"https:\/\/rdnews.al\/index.php\/wp-json\/wp\/v2\/media\/115767"}],"wp:attachment":[{"href":"https:\/\/rdnews.al\/index.php\/wp-json\/wp\/v2\/media?parent=115764"}],"wp:term":[{"taxonomy":"category","embeddable":true,"href":"https:\/\/rdnews.al\/index.php\/wp-json\/wp\/v2\/categories?post=115764"},{"taxonomy":"post_tag","embeddable":true,"href":"https:\/\/rdnews.al\/index.php\/wp-json\/wp\/v2\/tags?post=115764"}],"curies":[{"name":"wp","href":"https:\/\/api.w.org\/{rel}","templated":true}]}}