{"id":115794,"date":"2025-06-04T11:58:40","date_gmt":"2025-06-04T11:58:40","guid":{"rendered":"https:\/\/rdnews.al\/?p=115794"},"modified":"2025-06-04T12:05:38","modified_gmt":"2025-06-04T12:05:38","slug":"narcos-grupi-kingmaker-parlamentar","status":"publish","type":"post","link":"https:\/\/rdnews.al\/index.php\/2025\/06\/04\/narcos-grupi-kingmaker-parlamentar\/","title":{"rendered":"&#8220;Narcos&#8221;, Grupi &#8220;Kingmaker&#8221; Parlamentar"},"content":{"rendered":"<p><strong>Nga Basir \u00c7OLLAKU<\/strong><\/p>\n<p>PD, PS, disa deputet\u00eb t\u00eb tjer\u00eb nuk formojn\u00eb dot grup, duke mos arritur numrin 7, si dhe Grupi Kokaina, veshur me mark\u00ebn PS.<\/p>\n<p>Ky do t\u00eb jet\u00eb Parlamenti n\u00eb Shtator 2025<\/p>\n<p>Zgjedhjet nuk kan\u00eb mbaruar. Grupet parlamentare ende nuk jan\u00eb konfiguruar me imt\u00ebsi.<\/p>\n<p>Do t\u00eb ken\u00eb sigurisht PS dhe PD grupet e tyre parlamentare. Por tani nuk \u00ebsht\u00eb sekret, nuk \u00ebsht\u00eb problem i fshehur, thjesht ka p\u00ebrparuar. Bota e Mafias ka numrat e saj n\u00eb sall\u00ebn e Kuvendit me nisjen e seancave plenare n\u00eb shtator.<\/p>\n<p>Si ndodh kjo?<\/p>\n<p>Ku dhe kush jan\u00eb?<\/p>\n<p>Fal\u00eb lidhjes nga 2013-a, t\u00eb Ram\u00ebs me krimin e organizuar, lidhje e shtuar e zgjeruar nd\u00ebr vite, n\u00eb dy legjislaturat e fundit, kemi pasur num\u00ebr deputet\u00ebsh t\u00eb listuar e financuar nga bota e n\u00ebntok\u00ebs.<\/p>\n<p>N\u00eb 2012, vet\u00ebm nga lista e Durr\u00ebsit, tre deputet\u00eb ik\u00ebn, Rrahman Rraja nga dekriminalizimi, Jurgis \u00c7yrbja arrestuar pas p\u00ebrgjimeve t\u00eb sky, Lefter Koka ish-minist\u00ebr, si i pandehur te incenerator\u00ebt.<\/p>\n<p>Deputeti Ndrazhi kishte k\u00ebmbyer vendin me \u00c7yrben, sipas grupeve mb\u00ebshtet\u00ebse, pjes\u00eb e dosjes s\u00eb trafikut nd\u00ebrkomb\u00ebtar t\u00eb narkotik\u00ebve. Pra 50 p\u00ebrqind e list\u00ebs s\u00eb Durr\u00ebsit, ku ishte edhe Edi Rama deputet, ishin n\u00eb an\u00ebn e paligjshm\u00ebris\u00eb.<\/p>\n<p>Sigurisht t\u00eb firmosur si kandidat\u00eb t\u00eb gjith\u00eb nga KM dhe kreu i Rilindjes, pas propozimeve nga posht\u00eb.<\/p>\n<p>Kreu i v\u00ebzhguesve t\u00eb Parlamentit Europian n\u00eb zgjedhjet e 11 majit, eurodeputeti gjerman Michael Gahler, p\u00ebrve\u00e7 deklarimit, se votat u blen\u00eb hapur me vendime qeverie, presioneve, p\u00ebrdorjeve t\u00eb pushtetit, p\u00ebrmendi edhe tabun\u00eb e munguar n\u00ebp\u00ebr raporte, se strukturat kriminale duan vazhdim\u00ebsi.<\/p>\n<p>\u201c\u2026ka struktura t\u00eb q\u00ebndrueshme kriminale n\u00eb vazhdim, q\u00eb n\u00eb nj\u00eb shkall\u00eb t\u00eb madhe jan\u00eb t\u00eb angazhuara me pastrimin e parave, po t\u00eb shoh\u00ebsh edhe nd\u00ebrtimet q\u00eb jan\u00eb aty dhe gjith\u00e7ka.<\/p>\n<p>Ata kan\u00eb interes q\u00eb t\u00eb ruajn\u00eb k\u00ebto struktura si\u00e7 jan\u00eb, n\u00eb m\u00ebnyr\u00eb q\u00eb t\u00eb jen\u00eb n\u00eb gjendje t\u00eb vazhdojn\u00eb k\u00ebt\u00eb aktivitet..\u201d duke shtuar episodin e Elbasanit ku ka pasur v\u00ebzhgues t\u00eb Parlamentit Europian si v\u00ebzhgues n\u00eb terren, konstatues t\u00eb p\u00ebrfshirjes kriminale.<\/p>\n<p>N\u00eb zgjedhjet 2025 kishte prani t\u00eb shtuar t\u00eb paras\u00eb narko n\u00eb \u00e7do qark, t\u00eb lidhur me mazhoranc\u00ebn dhe kandidat\u00ebt e saj. Sht\u00ebpit\u00eb e barit ishin aktivizuar, duke ditur m\u00eb her\u00ebt nga fundviti i shkuar, se legalizimi i kultivimit, do t\u00eb ishte nj\u00eb der\u00eb e re p\u00ebr sakrificat e tyre elektorale.<\/p>\n<p>Miliardat e kokain\u00ebs ishin stoku i gatsh\u00ebm pjes\u00ebmarr\u00ebs. Prej m\u00eb tep\u00ebr se dy vjet e gjys\u00ebm, ndon\u00ebse DEA kishte lajm\u00ebruar pranin\u00eb e saj n\u00eb Tiran\u00eb, n\u00eb Durr\u00ebs nuk shk\u00eblqeu asnj\u00eb kapje ngarkese droge, ndon\u00ebse \u00e7far\u00eb kalonte nga porti yn\u00eb, kapej matan\u00eb brigjeve t\u00eb huaja.<\/p>\n<p>Elbasani, Durr\u00ebsi, Fieri, Shkodra, Tirana, Lezha, Dibra, por edhe qarqet e tjera kan\u00eb emra t\u00eb sponsorizuar nga krimi i organizuar.<\/p>\n<p>Antimafia Italiane, DEA amerikane dhe Struktura e Posa\u00e7me, nga shkurti k\u00ebtij vitit ku kishin firmosur Italian\u00eb, k\u00ebrkonin mbi 40 arreste p\u00ebr nj\u00eb nga bandat e Durr\u00ebsit, ku spikat\u00ebn i quajturi Visi i Poj\u00ebs me Troplin\u00ebt.<\/p>\n<p>Me 19 mars kishte b\u00ebr\u00eb k\u00ebrkes\u00eb SPAK dhe ekzekutimet u b\u00ebn\u00eb me 21 maj, 62 dit\u00eb pas. Koh\u00eb e mjaftueshme p\u00ebr t\u00eb kontribuuar n\u00eb zgjedhje me deputet\u00ebt e tyre. Nj\u00eblloj Suel \u00c7ela, n\u00eb k\u00ebrkim prej m\u00eb shum\u00eb se nj\u00eb viti, b\u00ebnte fushat\u00eb p\u00ebr deputet\u00ebt e tij.<\/p>\n<p>T\u00eb zgjedhurit n\u00ebn kujdesin e Mafias jan\u00eb edhe rekordmen\u00ebt e numrit t\u00eb votave preferenciale, ndon\u00ebse n\u00ebp\u00ebr lagjet e tyre, \u00ebsht\u00eb v\u00ebshtir\u00eb t\u00eb njihen para k\u00ebtyre shp\u00ebrthimeve politike. N\u00ebse b\u00ebjm\u00eb nj\u00eb hesap numrash, me \u00e7far\u00eb kan\u00eb qarkulluar e vendosur \u201cgrupet\u201d, ky grup parlamentar \u201ckokaina\u201d kap\u00ebrcen numrin 10, duke p\u00ebrafruar me 15 mandate.<\/p>\n<p>Pa t\u00eb, Rama nuk b\u00ebn dot mazhoranc\u00eb. E n\u00eb at\u00eb soj, si jan\u00eb p\u00ebrzier interesat, parat\u00eb dhe kontratta, ata tashm\u00eb nuk b\u00ebjn\u00eb pa nj\u00ebri-tjetrin, por pala \u201ckokaina\u201d ka mund\u00ebsin\u00eb edhe t\u00eb vendos\u00eb \u201cveton\u201d e cila \u00e7lirohet nga p\u00ebrmbushja e k\u00ebrkesave p\u00ebr investime e tenderime.<\/p>\n<p>Pa k\u00ebto vota t\u00eb kontrolluara, ata nuk mund t\u00eb b\u00ebjn\u00eb rezistenc\u00eb financuesve t\u00eb mandatit, pasi nuk kan\u00eb mund\u00ebsi tu kthejn\u00eb parat\u00eb pas, Rama nuk mund t\u00eb marr\u00eb kuror\u00ebn e \u201cmbretit\u201d t\u00eb mazhoranc\u00ebs, si\u00e7 e quan edhe Nusret bifteku. Deri nj\u00eb dit\u00eb kur nj\u00eb vullnet i sojit SPAK, DEA, DIA, Eurpol, Eurojust apo DASH, t\u00eb vendosin koh\u00ebn e shp\u00ebrb\u00ebrjes s\u00eb k\u00ebtij grupi\u2026<\/p>\n","protected":false},"excerpt":{"rendered":"<p>Nga Basir \u00c7OLLAKU PD, PS, disa deputet\u00eb t\u00eb tjer\u00eb nuk formojn\u00eb dot grup, duke mos arritur numrin 7, si dhe Grupi Kokaina, veshur me mark\u00ebn PS. Ky do t\u00eb jet\u00eb Parlamenti n\u00eb Shtator 2025 Zgjedhjet nuk kan\u00eb mbaruar. Grupet parlamentare ende nuk jan\u00eb konfiguruar me imt\u00ebsi. Do t\u00eb ken\u00eb sigurisht PS dhe PD grupet e &hellip;<\/p>\n","protected":false},"author":4,"featured_media":113861,"comment_status":"closed","ping_status":"closed","sticky":false,"template":"","format":"standard","meta":{"footnotes":""},"categories":[44],"tags":[],"class_list":["post-115794","post","type-post","status-publish","format-standard","has-post-thumbnail","","category-editorial"],"_links":{"self":[{"href":"https:\/\/rdnews.al\/index.php\/wp-json\/wp\/v2\/posts\/115794","targetHints":{"allow":["GET"]}}],"collection":[{"href":"https:\/\/rdnews.al\/index.php\/wp-json\/wp\/v2\/posts"}],"about":[{"href":"https:\/\/rdnews.al\/index.php\/wp-json\/wp\/v2\/types\/post"}],"author":[{"embeddable":true,"href":"https:\/\/rdnews.al\/index.php\/wp-json\/wp\/v2\/users\/4"}],"replies":[{"embeddable":true,"href":"https:\/\/rdnews.al\/index.php\/wp-json\/wp\/v2\/comments?post=115794"}],"version-history":[{"count":2,"href":"https:\/\/rdnews.al\/index.php\/wp-json\/wp\/v2\/posts\/115794\/revisions"}],"predecessor-version":[{"id":115799,"href":"https:\/\/rdnews.al\/index.php\/wp-json\/wp\/v2\/posts\/115794\/revisions\/115799"}],"wp:featuredmedia":[{"embeddable":true,"href":"https:\/\/rdnews.al\/index.php\/wp-json\/wp\/v2\/media\/113861"}],"wp:attachment":[{"href":"https:\/\/rdnews.al\/index.php\/wp-json\/wp\/v2\/media?parent=115794"}],"wp:term":[{"taxonomy":"category","embeddable":true,"href":"https:\/\/rdnews.al\/index.php\/wp-json\/wp\/v2\/categories?post=115794"},{"taxonomy":"post_tag","embeddable":true,"href":"https:\/\/rdnews.al\/index.php\/wp-json\/wp\/v2\/tags?post=115794"}],"curies":[{"name":"wp","href":"https:\/\/api.w.org\/{rel}","templated":true}]}}