{"id":115916,"date":"2025-06-05T18:23:35","date_gmt":"2025-06-05T18:23:35","guid":{"rendered":"https:\/\/rdnews.al\/?p=115916"},"modified":"2025-06-05T18:23:35","modified_gmt":"2025-06-05T18:23:35","slug":"kedhi-komisioni-i-jashtem-i-pe-nuk-vleresoi-qeverine-por-popullin-shqiptar","status":"publish","type":"post","link":"https:\/\/rdnews.al\/index.php\/2025\/06\/05\/kedhi-komisioni-i-jashtem-i-pe-nuk-vleresoi-qeverine-por-popullin-shqiptar\/","title":{"rendered":"Kedhi: Komisioni i Jasht\u00ebm i PE nuk vler\u00ebsoi qeverin\u00eb, por popullin shqiptar!"},"content":{"rendered":"<p>An\u00ebtari i Brain Gain i PD, Nikola Kedhi tha se, Komisionit t\u00eb Jasht\u00ebm t\u00eb Parlamentit Evropian, nuk ka vler\u00ebsuar qeverin\u00eb p\u00ebr integrimin n\u00eb BE, por sipas tij, ka vler\u00ebsuar qytetar\u00ebt shqiptar\u00eb.<\/p>\n<p>Kedhi tha se nga denoncimet e PD p\u00ebr fars\u00ebn zgjedhore t\u00eb 11 majit, ka sjell\u00eb reflektim nga ana e eurodeputet\u00ebve.<\/p>\n<p>\u201cDeklaratat e europarlamentar\u00ebve dhe q\u00ebndrimi e EPP n\u00eb ansamble, kan\u00eb t\u00eb gjith\u00eb r\u00ebnd\u00ebsin\u00eb e tyre. E b\u00ebjn\u00eb q\u00eb ky proces jo vet\u00ebm t\u00eb bjer\u00eb, por t\u00eb jet\u00eb dhe shum\u00eb me ndryshe me \u00e7ka ndodhi n\u00eb 2021. N\u00eb 2021 pati aludime, pati denoncim p\u00ebr nj\u00eb fars\u00eb zgjedhore por nuk u pasua me veprimet e duhura q\u00eb do t\u00eb k\u00ebrkonte denoncimin e fars\u00eb zgjedhore. Kjo gj\u00eb po ndodh n\u00eb k\u00ebt\u00eb rast n\u00eb k\u00ebto votime sepse kemi k\u00ebt\u00eb denoncim, jo vet\u00ebm brenda por dhe n\u00eb aren\u00ebn nd\u00ebrkomb\u00ebtare.<\/p>\n<p>T\u00eb gjith\u00eb k\u00ebto denoncime q\u00eb ka b\u00ebr\u00eb z.Berisha dhe PD n\u00eb p\u00ebrgjith\u00ebsi, jan\u00eb reflektuar n\u00eb institucione t\u00eb ndryshme dhe n\u00eb dokumenta t\u00eb ndryshme, t\u00eb cilat prodhojn\u00eb k\u00ebto institucione. Dhe ky \u00ebsht\u00eb dhe rasti q\u00eb ka kaluar n\u00eb Komisionin e Jasht\u00ebm t\u00eb Parlamentit Evropian p\u00ebr Shqip\u00ebrin\u00eb. Po themi p\u00ebr rrug\u00ebtimin e Shqip\u00ebris\u00eb n\u00eb BE, ku nuk kishim nj\u00eb votim t\u00eb nj\u00eb dokumenti rutin\u00ebn, si\u00e7 jan\u00eb p\u00ebr vendet q\u00eb jan\u00eb aplikonte p\u00ebr n\u00eb BE. Por pati ndryshim n\u00eb k\u00ebt\u00eb dokument p\u00ebr t\u00eb reflektuar gjith\u00eb k\u00ebto shqet\u00ebsimet p\u00ebr procesin zgjedhor.<\/p>\n<p>Natyrisht q\u00eb ata do t\u00eb thon\u00eb, q\u00eb jemi t\u00eb lumtur q\u00eb Shqip\u00ebria vazhdon ec\u00ebn drejt rrug\u00ebtimit evropian, sepse kjo nuk varet nga nj\u00eb qeveri specifike, por \u00ebsht\u00eb nj\u00eb d\u00ebshir\u00eb e popullit shqiptar. Vler\u00ebsimi i Komisionit t\u00eb Jasht\u00ebm t\u00eb Parlamentit Evropian, nuk \u00ebsht\u00eb nj\u00eb vler\u00ebsim p\u00ebr qeverin\u00eb aktuale, as si ka qeverisur z.Rama apo si e ka b\u00ebr\u00eb ai procesin zgjedhor. Ai \u00ebsht\u00eb nj\u00eb vler\u00ebsim p\u00ebr popullin shqiptar, q\u00eb ka synim t\u00eb shkoj\u00eb drejt BE, dhe m\u00eb e r\u00ebnd\u00ebsishmja drejt standarteve q\u00eb n\u00ebnkupton ky proces i an\u00ebtar\u00ebsimit n\u00eb BE. Pjesa m\u00eb e r\u00ebnd\u00ebsishme aty ishin shkeljet\u00a0q\u00eb vinin n\u00eb dukje, problemet p\u00ebr procesin zgjedhor, munges\u00ebn e standarteve p\u00ebr procesin zgjedhor, polarizimin q\u00eb ekziston k\u00ebtu dhe problemet me mediat e t\u00eb tjera\u201c, tha Kedhi p\u00ebr Syri TV.<\/p>\n","protected":false},"excerpt":{"rendered":"<p>An\u00ebtari i Brain Gain i PD, Nikola Kedhi tha se, Komisionit t\u00eb Jasht\u00ebm t\u00eb Parlamentit Evropian, nuk ka vler\u00ebsuar qeverin\u00eb p\u00ebr integrimin n\u00eb BE, por sipas tij, ka vler\u00ebsuar qytetar\u00ebt shqiptar\u00eb. Kedhi tha se nga denoncimet e PD p\u00ebr fars\u00ebn zgjedhore t\u00eb 11 majit, ka sjell\u00eb reflektim nga ana e eurodeputet\u00ebve. \u201cDeklaratat e europarlamentar\u00ebve dhe &hellip;<\/p>\n","protected":false},"author":4,"featured_media":90360,"comment_status":"closed","ping_status":"closed","sticky":false,"template":"","format":"standard","meta":{"footnotes":""},"categories":[37],"tags":[],"class_list":["post-115916","post","type-post","status-publish","format-standard","has-post-thumbnail","","category-politike"],"_links":{"self":[{"href":"https:\/\/rdnews.al\/index.php\/wp-json\/wp\/v2\/posts\/115916","targetHints":{"allow":["GET"]}}],"collection":[{"href":"https:\/\/rdnews.al\/index.php\/wp-json\/wp\/v2\/posts"}],"about":[{"href":"https:\/\/rdnews.al\/index.php\/wp-json\/wp\/v2\/types\/post"}],"author":[{"embeddable":true,"href":"https:\/\/rdnews.al\/index.php\/wp-json\/wp\/v2\/users\/4"}],"replies":[{"embeddable":true,"href":"https:\/\/rdnews.al\/index.php\/wp-json\/wp\/v2\/comments?post=115916"}],"version-history":[{"count":1,"href":"https:\/\/rdnews.al\/index.php\/wp-json\/wp\/v2\/posts\/115916\/revisions"}],"predecessor-version":[{"id":115917,"href":"https:\/\/rdnews.al\/index.php\/wp-json\/wp\/v2\/posts\/115916\/revisions\/115917"}],"wp:featuredmedia":[{"embeddable":true,"href":"https:\/\/rdnews.al\/index.php\/wp-json\/wp\/v2\/media\/90360"}],"wp:attachment":[{"href":"https:\/\/rdnews.al\/index.php\/wp-json\/wp\/v2\/media?parent=115916"}],"wp:term":[{"taxonomy":"category","embeddable":true,"href":"https:\/\/rdnews.al\/index.php\/wp-json\/wp\/v2\/categories?post=115916"},{"taxonomy":"post_tag","embeddable":true,"href":"https:\/\/rdnews.al\/index.php\/wp-json\/wp\/v2\/tags?post=115916"}],"curies":[{"name":"wp","href":"https:\/\/api.w.org\/{rel}","templated":true}]}}