{"id":115967,"date":"2025-06-07T08:34:47","date_gmt":"2025-06-07T08:34:47","guid":{"rendered":"https:\/\/rdnews.al\/?p=115967"},"modified":"2025-06-07T08:34:47","modified_gmt":"2025-06-07T08:34:47","slug":"kapja-e-institucioneve-nga-ps-vangjeli-presidenca-dhe-shkolla-e-magjistratures-te-perfshira-ne-procesin-zgjedhor","status":"publish","type":"post","link":"https:\/\/rdnews.al\/index.php\/2025\/06\/07\/kapja-e-institucioneve-nga-ps-vangjeli-presidenca-dhe-shkolla-e-magjistratures-te-perfshira-ne-procesin-zgjedhor\/","title":{"rendered":"Kapja e Institucioneve nga PS\/ Vangjeli:  Presidenca dhe Shkolla e Magjistratur\u00ebs t\u00eb p\u00ebrfshira n\u00eb procesin zgjedhor!"},"content":{"rendered":"<p><strong>Deklarata e z\u00ebdh\u00ebn\u00ebses s\u00eb Antikorrupsionit n\u00eb PD, Genta Vangjeli:<\/strong><\/p>\n<p>Presidenca vendosi n\u00eb dispozicion t\u00eb partis\u00eb \u2013 shtet kabinetin e Presidentit t\u00eb Republik\u00ebs s\u00eb Shqip\u00ebris\u00eb.<\/p>\n<figure class=\"wp-block-image size-full\"><img loading=\"lazy\" decoding=\"async\" class=\"wp-image-22068\" src=\"https:\/\/pd.al\/wp-content\/uploads\/2025\/06\/1-1.png\" sizes=\"auto, (max-width: 588px) 100vw, 588px\" srcset=\"https:\/\/pd.al\/wp-content\/uploads\/2025\/06\/1-1.png 588w, https:\/\/pd.al\/wp-content\/uploads\/2025\/06\/1-1-239x300.png 239w\" alt=\"\" width=\"588\" height=\"739\" \/><\/figure>\n<p>Kjo ishte arsyeja q\u00eb n\u00eb dat\u00ebn 30 Maj, Grupi Parlamentar i PD paraqiti k\u00ebrkes\u00ebn e tij drejtuar Presidentit p\u00ebr mosnd\u00ebrhyrje t\u00eb Institucionit t\u00eb Presidentit t\u00eb Republik\u00ebs n\u00eb procesin zgjedhor dhe ruajtjen e neutralitetit politik nga ana e k\u00ebtij institucioni.<\/p>\n<p>Kjo k\u00ebrkes\u00eb lidhej me emrin e Ilirjan Rusmali, pjes\u00eb e kabinetit t\u00eb Presidentit Begaj, i cili mban nj\u00ebherazi detyr\u00ebn e an\u00ebtarit t\u00eb Komisionit t\u00eb Ankimimeve dhe Sanksioneve, duke sjell\u00eb si pasoj\u00eb shkeljen e dispozitave ligjore n\u00ebp\u00ebrmjet cenimit t\u00eb parimit t\u00eb\u00a0 neutralitetit politik dhe p\u00ebrfaq\u00ebsimit t\u00eb unitetit t\u00eb popullit.<\/p>\n<figure class=\"wp-block-image size-large\"><img loading=\"lazy\" decoding=\"async\" class=\"wp-image-22069\" src=\"https:\/\/pd.al\/wp-content\/uploads\/2025\/06\/2-1-1024x687.png\" sizes=\"auto, (max-width: 1024px) 100vw, 1024px\" srcset=\"https:\/\/pd.al\/wp-content\/uploads\/2025\/06\/2-1-1024x687.png 1024w, https:\/\/pd.al\/wp-content\/uploads\/2025\/06\/2-1-300x201.png 300w, https:\/\/pd.al\/wp-content\/uploads\/2025\/06\/2-1-768x515.png 768w, https:\/\/pd.al\/wp-content\/uploads\/2025\/06\/2-1.png 1201w\" alt=\"\" width=\"1024\" height=\"687\" \/><\/figure>\n<p>P\u00ebrjashtimi i Rusmalit nga shqyrtimi i k\u00ebrkes\u00ebs ankimore, ka qen\u00eb objekti i k\u00ebrkes\u00ebs s\u00eb PD -ASHM n\u00eb dat\u00ebn 2 Qershor duke arsyetuar sjelljen dhe vendimmarrjet e tij n\u00eb cil\u00ebsin\u00eb e an\u00ebtarit t\u00eb KAS-it haptazi kund\u00ebr pal\u00ebs ankuese, subjektit zgjedhor \u2018Partia Demokratike \u2013 Aleanca p\u00ebr Shqip\u00ebrin\u00eb Madh\u00ebshtore\u2019, dhe p\u00ebrfaq\u00ebsuesve t\u00eb saj ligjor, duke krijuar arsye serioze p\u00ebr nj\u00ebanshm\u00ebri, n\u00eb mb\u00ebshtetje t\u00eb nenit 42, pika 2, t\u00eb Kushtetut\u00ebs, nenit 6, pika 1, t\u00eb Konvent\u00ebs Evropiane p\u00ebr t\u00eb Drejtat e Njeriut, nenit 30 t\u00eb Kodit t\u00eb Procedurave Administrative, si dhe nenit 135 t\u00eb Kodit Zgjedhor.<\/p>\n<p>K\u00ebrkesa e m\u00ebsip\u00ebrme sigurisht u rr\u00ebzua nga KAS duke mos pranuar p\u00ebrjashtimin e Rusmali\u05c5.<\/p>\n<figure class=\"wp-block-image size-large\"><img loading=\"lazy\" decoding=\"async\" class=\"wp-image-22070\" src=\"https:\/\/pd.al\/wp-content\/uploads\/2025\/06\/3-1-1024x508.png\" sizes=\"auto, (max-width: 1024px) 100vw, 1024px\" srcset=\"https:\/\/pd.al\/wp-content\/uploads\/2025\/06\/3-1-1024x508.png 1024w, https:\/\/pd.al\/wp-content\/uploads\/2025\/06\/3-1-300x149.png 300w, https:\/\/pd.al\/wp-content\/uploads\/2025\/06\/3-1-768x381.png 768w, https:\/\/pd.al\/wp-content\/uploads\/2025\/06\/3-1-1536x762.png 1536w, https:\/\/pd.al\/wp-content\/uploads\/2025\/06\/3-1.png 1725w\" alt=\"\" width=\"1024\" height=\"508\" \/><\/figure>\n<figure class=\"wp-block-image size-full\"><img loading=\"lazy\" decoding=\"async\" class=\"wp-image-22071\" src=\"https:\/\/pd.al\/wp-content\/uploads\/2025\/06\/4-1.png\" sizes=\"auto, (max-width: 687px) 100vw, 687px\" srcset=\"https:\/\/pd.al\/wp-content\/uploads\/2025\/06\/4-1.png 687w, https:\/\/pd.al\/wp-content\/uploads\/2025\/06\/4-1-300x188.png 300w\" alt=\"\" width=\"687\" height=\"431\" \/><\/figure>\n<figure class=\"wp-block-image size-full\"><img loading=\"lazy\" decoding=\"async\" class=\"wp-image-22073\" src=\"https:\/\/pd.al\/wp-content\/uploads\/2025\/06\/5-1.png\" sizes=\"auto, (max-width: 750px) 100vw, 750px\" srcset=\"https:\/\/pd.al\/wp-content\/uploads\/2025\/06\/5-1.png 750w, https:\/\/pd.al\/wp-content\/uploads\/2025\/06\/5-1-268x300.png 268w\" alt=\"\" width=\"750\" height=\"839\" \/><\/figure>\n<p>Nga ana tjet\u00ebr, Shkolla e Magjistratur\u00ebs ka v\u00ebn\u00eb n\u00eb dispozicion t\u00eb Partis\u00eb student\u00ebt e saj, k\u00ebshtu kandidatja p\u00ebr gjyqtare sipas list\u00ebs p\u00ebrfundimtare t\u00eb publikuar n\u00eb 13 Maj nga k\u00ebshilli drejtues i shkoll\u00ebs s\u00eb magjistratur\u00ebs zonja Shila Vital Ballhysa, rezulton nj\u00ebher\u00ebsh p\u00ebrfaq\u00ebsuese e PS\u00a0 n\u00eb KQZ (eksperte e komisionit t\u00eb reform\u00ebs zgjedhore p\u00ebr PS).<\/p>\n<p>Partia Demokratike k\u00ebrkon me urgjenc\u00eb nga Presidenti i Republik\u00ebs dhe Shkolla e Magjistratur\u00ebs t\u00eb distancohen me veprime konkrete nga k\u00ebto paligjshm\u00ebri n\u00eb t\u00eb kund\u00ebrt, mosveprimi i tyre d\u00ebshmon se p\u00ebrzierja e PS\u00a0 me strukturat q\u00eb prezumohen t\u00eb jen\u00eb t\u00eb\u00a0 paanshme n\u00eb vler\u00ebsimin e procesit zgjedhor sjell si pasoj\u00eb vet\u00ebm farsa elektorale si ajo e 11 Majit 2025, p\u00ebrshkruar m\u00eb s\u00eb miri n\u00eb Raportin Paraprak t\u00eb OSBE\/ODIHR.<\/p>\n","protected":false},"excerpt":{"rendered":"<p>Deklarata e z\u00ebdh\u00ebn\u00ebses s\u00eb Antikorrupsionit n\u00eb PD, Genta Vangjeli: Presidenca vendosi n\u00eb dispozicion t\u00eb partis\u00eb \u2013 shtet kabinetin e Presidentit t\u00eb Republik\u00ebs s\u00eb Shqip\u00ebris\u00eb. Kjo ishte arsyeja q\u00eb n\u00eb dat\u00ebn 30 Maj, Grupi Parlamentar i PD paraqiti k\u00ebrkes\u00ebn e tij drejtuar Presidentit p\u00ebr mosnd\u00ebrhyrje t\u00eb Institucionit t\u00eb Presidentit t\u00eb Republik\u00ebs n\u00eb procesin zgjedhor dhe ruajtjen &hellip;<\/p>\n","protected":false},"author":4,"featured_media":115968,"comment_status":"closed","ping_status":"closed","sticky":false,"template":"","format":"standard","meta":{"footnotes":""},"categories":[37],"tags":[],"class_list":["post-115967","post","type-post","status-publish","format-standard","has-post-thumbnail","","category-politike"],"_links":{"self":[{"href":"https:\/\/rdnews.al\/index.php\/wp-json\/wp\/v2\/posts\/115967","targetHints":{"allow":["GET"]}}],"collection":[{"href":"https:\/\/rdnews.al\/index.php\/wp-json\/wp\/v2\/posts"}],"about":[{"href":"https:\/\/rdnews.al\/index.php\/wp-json\/wp\/v2\/types\/post"}],"author":[{"embeddable":true,"href":"https:\/\/rdnews.al\/index.php\/wp-json\/wp\/v2\/users\/4"}],"replies":[{"embeddable":true,"href":"https:\/\/rdnews.al\/index.php\/wp-json\/wp\/v2\/comments?post=115967"}],"version-history":[{"count":1,"href":"https:\/\/rdnews.al\/index.php\/wp-json\/wp\/v2\/posts\/115967\/revisions"}],"predecessor-version":[{"id":115969,"href":"https:\/\/rdnews.al\/index.php\/wp-json\/wp\/v2\/posts\/115967\/revisions\/115969"}],"wp:featuredmedia":[{"embeddable":true,"href":"https:\/\/rdnews.al\/index.php\/wp-json\/wp\/v2\/media\/115968"}],"wp:attachment":[{"href":"https:\/\/rdnews.al\/index.php\/wp-json\/wp\/v2\/media?parent=115967"}],"wp:term":[{"taxonomy":"category","embeddable":true,"href":"https:\/\/rdnews.al\/index.php\/wp-json\/wp\/v2\/categories?post=115967"},{"taxonomy":"post_tag","embeddable":true,"href":"https:\/\/rdnews.al\/index.php\/wp-json\/wp\/v2\/tags?post=115967"}],"curies":[{"name":"wp","href":"https:\/\/api.w.org\/{rel}","templated":true}]}}