{"id":115972,"date":"2025-06-07T08:49:43","date_gmt":"2025-06-07T08:49:43","guid":{"rendered":"https:\/\/rdnews.al\/?p=115972"},"modified":"2025-06-07T08:49:43","modified_gmt":"2025-06-07T08:49:43","slug":"nderhyrjet-ne-spac-lubonja-duan-te-shkaterrojne-ngjarje-historike-gjurme-qe-i-ka-lene-koha","status":"publish","type":"post","link":"https:\/\/rdnews.al\/index.php\/2025\/06\/07\/nderhyrjet-ne-spac-lubonja-duan-te-shkaterrojne-ngjarje-historike-gjurme-qe-i-ka-lene-koha\/","title":{"rendered":"Nd\u00ebrhyrjet n\u00eb Spa\u00e7, Lubonja: Duan t\u00eb shkat\u00ebrrojn\u00eb ngjarje historike, gjurm\u00eb q\u00eb i ka l\u00ebn\u00eb koha"},"content":{"rendered":"<p>Analisti Fatos Lubonja e cil\u00ebson nj\u00eb shkat\u00ebrrim t\u00eb kujtes\u00ebs kolektive dhe historike rikonstruksionin q\u00eb po i n\u00ebnshtrohen godinat e rr\u00ebnuara n\u00eb ish-burgun e Spa\u00e7it.<\/p>\n<p>Lubonja u shpreh n\u00eb News24 se aty duhet t\u00eb ishte nj\u00eb muze i s\u00eb kaluar\u00ebs dhe jo t\u00eb shkat\u00ebrrohet p\u00ebr t\u00eb b\u00ebr\u00eb nj\u00eb film. Analisti shton se aty tashm\u00eb \u00ebsht\u00eb nj\u00eb kompani turke q\u00eb b\u00ebn punime, teksa kamion\u00ebt kalojn\u00eb aty gjithnj\u00eb duke prishur qet\u00ebsin\u00eb e nj\u00eb peisazhi q\u00eb duhej t\u00eb ruhej i qet\u00eb, p\u00ebr t\u00eb p\u00ebrcjell\u00eb t\u00eb kaluar\u00ebn.<\/p>\n<p>\u201cJam takuar her\u00ebt me rr\u00ebnimin e Spa\u00e7it dhe ngjyra e bardh\u00eb m\u00eb ka dh\u00ebn\u00eb goditjen e par\u00eb. Ishte prishur nj\u00eb pjes\u00eb e kampit dhe n\u00eb vend t\u00eb barakave ku u transferuam ne n\u00eb vitin 83, pash\u00eb nj\u00eb gj\u00eb si plastike si zyr\u00eb, kishin ardhur p\u00ebr t\u00eb b\u00ebr\u00eb investime n\u00eb minier\u00ebn e Spa\u00e7it nj\u00eb kompani kanadeze. Aty ka nj\u00eb fabrik\u00eb t\u00eb madhe tani, ca turq, q\u00eb shkat\u00ebrron gjith\u00eb at\u00eb peizazhin \u00eb duhej ruajtur, vendi i vuajtjes s\u00eb t\u00eb burgosurve. Duhej t\u00eb ishte nj\u00eb vend i qet\u00eb.<\/p>\n<p>Aty kalojn\u00eb kamion\u00ebt q\u00eb nxjerrin materialin. Gjithnj\u00eb \u00ebsht\u00eb nj\u00eb vuajtje. Tani \u00ebsht\u00eb nj\u00eb lloj tjet\u00ebr. Shkat\u00ebrrimi duke prishur \u00ebsht\u00eb nj\u00eb gj\u00eb, tani b\u00ebjn\u00eb rind\u00ebrtimin duke shkat\u00ebrruar ngjarje historike, gjurm\u00eb q\u00eb i ka l\u00ebn\u00eb koha. Jo vet\u00ebm periudha e komunizmit.<\/p>\n<p>\u00cbsht\u00eb nj\u00eb ndjenj\u00eb e keqe, e prishjes s\u00eb kujtes\u00ebs. K\u00ebtu u fol p\u00ebr nj\u00eb film. Nuk e kam me ndjenj\u00eb inati, por do argumentoja pse nuk duhet b\u00ebr\u00eb kjo q\u00eb kan\u00eb dashur t\u00eb b\u00ebjn\u00eb\u201d, tha Lubonja.<\/p>\n","protected":false},"excerpt":{"rendered":"<p>Analisti Fatos Lubonja e cil\u00ebson nj\u00eb shkat\u00ebrrim t\u00eb kujtes\u00ebs kolektive dhe historike rikonstruksionin q\u00eb po i n\u00ebnshtrohen godinat e rr\u00ebnuara n\u00eb ish-burgun e Spa\u00e7it. Lubonja u shpreh n\u00eb News24 se aty duhet t\u00eb ishte nj\u00eb muze i s\u00eb kaluar\u00ebs dhe jo t\u00eb shkat\u00ebrrohet p\u00ebr t\u00eb b\u00ebr\u00eb nj\u00eb film. Analisti shton se aty tashm\u00eb \u00ebsht\u00eb nj\u00eb &hellip;<\/p>\n","protected":false},"author":4,"featured_media":115973,"comment_status":"closed","ping_status":"closed","sticky":false,"template":"","format":"standard","meta":{"footnotes":""},"categories":[37],"tags":[],"class_list":["post-115972","post","type-post","status-publish","format-standard","has-post-thumbnail","","category-politike"],"_links":{"self":[{"href":"https:\/\/rdnews.al\/index.php\/wp-json\/wp\/v2\/posts\/115972","targetHints":{"allow":["GET"]}}],"collection":[{"href":"https:\/\/rdnews.al\/index.php\/wp-json\/wp\/v2\/posts"}],"about":[{"href":"https:\/\/rdnews.al\/index.php\/wp-json\/wp\/v2\/types\/post"}],"author":[{"embeddable":true,"href":"https:\/\/rdnews.al\/index.php\/wp-json\/wp\/v2\/users\/4"}],"replies":[{"embeddable":true,"href":"https:\/\/rdnews.al\/index.php\/wp-json\/wp\/v2\/comments?post=115972"}],"version-history":[{"count":1,"href":"https:\/\/rdnews.al\/index.php\/wp-json\/wp\/v2\/posts\/115972\/revisions"}],"predecessor-version":[{"id":115974,"href":"https:\/\/rdnews.al\/index.php\/wp-json\/wp\/v2\/posts\/115972\/revisions\/115974"}],"wp:featuredmedia":[{"embeddable":true,"href":"https:\/\/rdnews.al\/index.php\/wp-json\/wp\/v2\/media\/115973"}],"wp:attachment":[{"href":"https:\/\/rdnews.al\/index.php\/wp-json\/wp\/v2\/media?parent=115972"}],"wp:term":[{"taxonomy":"category","embeddable":true,"href":"https:\/\/rdnews.al\/index.php\/wp-json\/wp\/v2\/categories?post=115972"},{"taxonomy":"post_tag","embeddable":true,"href":"https:\/\/rdnews.al\/index.php\/wp-json\/wp\/v2\/tags?post=115972"}],"curies":[{"name":"wp","href":"https:\/\/api.w.org\/{rel}","templated":true}]}}