{"id":116019,"date":"2025-06-07T18:12:37","date_gmt":"2025-06-07T18:12:37","guid":{"rendered":"https:\/\/rdnews.al\/?p=116019"},"modified":"2025-06-07T18:12:37","modified_gmt":"2025-06-07T18:12:37","slug":"protesta-e-tifozeve-kuq-e-zi-para-zyres-se-rames-se-vrisni-dot-zemren-qe-rreh-per-shqiperine","status":"publish","type":"post","link":"https:\/\/rdnews.al\/index.php\/2025\/06\/07\/protesta-e-tifozeve-kuq-e-zi-para-zyres-se-rames-se-vrisni-dot-zemren-qe-rreh-per-shqiperine\/","title":{"rendered":"Protesta e tifoz\u00ebve kuq e zi para zyr\u00ebs s\u00eb Ram\u00ebs: S&#8217;e vrisni dot zemr\u00ebn q\u00eb rreh p\u00ebr Shqip\u00ebrin\u00eb"},"content":{"rendered":"<p>Grupimi m\u00eb i madh i tifoz\u00ebve t\u00eb Komb\u00ebtares shqiptare, \u201cTifozat Kuq e Zi\u201d, kan\u00eb shpalosur nj\u00eb banderol\u00eb para nisjes s\u00eb ndeshjes Shqip\u00ebri-Serbi.<\/p>\n<p>&#8220;Na hiqni biletat na vini p\u00ebrpara policin\u00eb, s&#8217;e vrisni dot zemr\u00ebn q\u00eb rreh p\u00ebr Shqip\u00ebrin\u00eb&#8221;, shkruan TKZ.<\/p>\n<p>&#8220;Tifozat Kuq e Zi&#8221; nuk do jen\u00eb n\u00eb stadium p\u00ebr ndeshjen kund\u00ebr Serbis\u00eb p\u00ebr shkak t\u00eb nj\u00eb p\u00ebrplasje me FSHF-n\u00eb.<\/p>\n<p>Edhe pse nuk do t\u00eb jen\u00eb n\u00eb \u201cArena Komb\u00ebtare\u201d do t\u00eb mblidhen tek Lulishte V\u00ebllez\u00ebrit Frash\u00ebri p\u00ebrball\u00eb Piramid\u00ebs p\u00ebr t\u00eb ndjekur ndeshjen me nj\u00eb ekran t\u00eb madh t\u00eb vendosur nga vet\u00eb ata.<\/p>\n<p>Vet\u00ebm pak minuta m\u00eb par\u00eb TKZ shpalos\u00ebn sip\u00ebr Piramid\u00ebs banderol\u00ebn me portretin e Elez Isufit me nj\u00eb mesazh \u201cHasmi i vjet\u00ebr nuk bahet mik i ri.\u201d<\/p>\n","protected":false},"excerpt":{"rendered":"<p>Grupimi m\u00eb i madh i tifoz\u00ebve t\u00eb Komb\u00ebtares shqiptare, \u201cTifozat Kuq e Zi\u201d, kan\u00eb shpalosur nj\u00eb banderol\u00eb para nisjes s\u00eb ndeshjes Shqip\u00ebri-Serbi. &#8220;Na hiqni biletat na vini p\u00ebrpara policin\u00eb, s&#8217;e vrisni dot zemr\u00ebn q\u00eb rreh p\u00ebr Shqip\u00ebrin\u00eb&#8221;, shkruan TKZ. &#8220;Tifozat Kuq e Zi&#8221; nuk do jen\u00eb n\u00eb stadium p\u00ebr ndeshjen kund\u00ebr Serbis\u00eb p\u00ebr shkak t\u00eb &hellip;<\/p>\n","protected":false},"author":3,"featured_media":116020,"comment_status":"closed","ping_status":"closed","sticky":false,"template":"","format":"standard","meta":{"footnotes":""},"categories":[37],"tags":[],"class_list":["post-116019","post","type-post","status-publish","format-standard","has-post-thumbnail","","category-politike"],"_links":{"self":[{"href":"https:\/\/rdnews.al\/index.php\/wp-json\/wp\/v2\/posts\/116019","targetHints":{"allow":["GET"]}}],"collection":[{"href":"https:\/\/rdnews.al\/index.php\/wp-json\/wp\/v2\/posts"}],"about":[{"href":"https:\/\/rdnews.al\/index.php\/wp-json\/wp\/v2\/types\/post"}],"author":[{"embeddable":true,"href":"https:\/\/rdnews.al\/index.php\/wp-json\/wp\/v2\/users\/3"}],"replies":[{"embeddable":true,"href":"https:\/\/rdnews.al\/index.php\/wp-json\/wp\/v2\/comments?post=116019"}],"version-history":[{"count":1,"href":"https:\/\/rdnews.al\/index.php\/wp-json\/wp\/v2\/posts\/116019\/revisions"}],"predecessor-version":[{"id":116021,"href":"https:\/\/rdnews.al\/index.php\/wp-json\/wp\/v2\/posts\/116019\/revisions\/116021"}],"wp:featuredmedia":[{"embeddable":true,"href":"https:\/\/rdnews.al\/index.php\/wp-json\/wp\/v2\/media\/116020"}],"wp:attachment":[{"href":"https:\/\/rdnews.al\/index.php\/wp-json\/wp\/v2\/media?parent=116019"}],"wp:term":[{"taxonomy":"category","embeddable":true,"href":"https:\/\/rdnews.al\/index.php\/wp-json\/wp\/v2\/categories?post=116019"},{"taxonomy":"post_tag","embeddable":true,"href":"https:\/\/rdnews.al\/index.php\/wp-json\/wp\/v2\/tags?post=116019"}],"curies":[{"name":"wp","href":"https:\/\/api.w.org\/{rel}","templated":true}]}}