{"id":116034,"date":"2025-06-08T19:15:12","date_gmt":"2025-06-08T19:15:12","guid":{"rendered":"https:\/\/rdnews.al\/?p=116034"},"modified":"2025-06-08T19:15:12","modified_gmt":"2025-06-08T19:15:12","slug":"asllani-penalltine-doja-do-godisja-une-por","status":"publish","type":"post","link":"https:\/\/rdnews.al\/index.php\/2025\/06\/08\/asllani-penalltine-doja-do-godisja-une-por\/","title":{"rendered":"Asllani: Penalltin\u00eb doja do godisja un\u00eb, por&#8230;"},"content":{"rendered":"<p>Barazimi pa gola ndaj Serbis\u00eb ka l\u00ebn\u00eb shije t\u00eb hidhur te Shqip\u00ebria. Kuqezinjt\u00eb shp\u00ebrdoruan nj\u00eb 11-met\u00ebrsh me Rey Manaj, n\u00eb fundin e pjes\u00ebs s\u00eb par\u00eb.<\/p>\n<p>Pas sfid\u00ebs, mesfushori i komb\u00ebtares, Kristjan Asllani u shpreh:<\/p>\n<p>\u201cNa mungoi goli, treguam kualitet sonte, luajt\u00ebm shum\u00eb mir\u00eb, sidomos me tifoz\u00ebt tan\u00eb, jemi t\u00eb lumtur, por na mungoi goli, e donim t\u00eb gjith\u00eb fitoren, por tani mendojm\u00eb p\u00ebr ndeshjen tjet\u00ebr.<\/p>\n<p>Ne e prisnim t\u00eb gjith\u00eb k\u00ebt\u00eb ndeshjen, kjo skuad\u00ebr ka shum\u00eb kualitet, na mungojn\u00eb vet\u00ebm golat, shpresojm\u00eb q\u00eb ndeshjet e ardhshme t\u00eb vijn\u00eb golat.<\/p>\n<p>Besoj se Manaj s\u2019ka nevoj\u00eb p\u00ebr suport, ka eksperienc\u00eb ka luajtur me Komb\u00ebtaren dhe skuadr\u00ebn e tij, penalltia mund t\u00eb ndodh\u00eb q\u00eb t\u00eb humbet, v\u00ebmendja dhe koka \u00ebsht\u00eb te ndeshja tjet\u00ebr.<\/p>\n<p><em>Nuk e kam ndjesin\u00eb p\u00ebr ta gjuajtur un\u00eb penalltin\u00eb, por do doja ta sh\u00ebnoja un\u00eb. Sot e kishte Manaj, nuk shkoi goli, por nuk ka problem<\/em>\u201d, tha Asllani.<\/p>\n","protected":false},"excerpt":{"rendered":"<p>Barazimi pa gola ndaj Serbis\u00eb ka l\u00ebn\u00eb shije t\u00eb hidhur te Shqip\u00ebria. Kuqezinjt\u00eb shp\u00ebrdoruan nj\u00eb 11-met\u00ebrsh me Rey Manaj, n\u00eb fundin e pjes\u00ebs s\u00eb par\u00eb. Pas sfid\u00ebs, mesfushori i komb\u00ebtares, Kristjan Asllani u shpreh: \u201cNa mungoi goli, treguam kualitet sonte, luajt\u00ebm shum\u00eb mir\u00eb, sidomos me tifoz\u00ebt tan\u00eb, jemi t\u00eb lumtur, por na mungoi goli, e &hellip;<\/p>\n","protected":false},"author":3,"featured_media":116035,"comment_status":"closed","ping_status":"closed","sticky":false,"template":"","format":"standard","meta":{"footnotes":""},"categories":[37,39],"tags":[],"class_list":["post-116034","post","type-post","status-publish","format-standard","has-post-thumbnail","","category-politike","category-sport"],"_links":{"self":[{"href":"https:\/\/rdnews.al\/index.php\/wp-json\/wp\/v2\/posts\/116034","targetHints":{"allow":["GET"]}}],"collection":[{"href":"https:\/\/rdnews.al\/index.php\/wp-json\/wp\/v2\/posts"}],"about":[{"href":"https:\/\/rdnews.al\/index.php\/wp-json\/wp\/v2\/types\/post"}],"author":[{"embeddable":true,"href":"https:\/\/rdnews.al\/index.php\/wp-json\/wp\/v2\/users\/3"}],"replies":[{"embeddable":true,"href":"https:\/\/rdnews.al\/index.php\/wp-json\/wp\/v2\/comments?post=116034"}],"version-history":[{"count":1,"href":"https:\/\/rdnews.al\/index.php\/wp-json\/wp\/v2\/posts\/116034\/revisions"}],"predecessor-version":[{"id":116036,"href":"https:\/\/rdnews.al\/index.php\/wp-json\/wp\/v2\/posts\/116034\/revisions\/116036"}],"wp:featuredmedia":[{"embeddable":true,"href":"https:\/\/rdnews.al\/index.php\/wp-json\/wp\/v2\/media\/116035"}],"wp:attachment":[{"href":"https:\/\/rdnews.al\/index.php\/wp-json\/wp\/v2\/media?parent=116034"}],"wp:term":[{"taxonomy":"category","embeddable":true,"href":"https:\/\/rdnews.al\/index.php\/wp-json\/wp\/v2\/categories?post=116034"},{"taxonomy":"post_tag","embeddable":true,"href":"https:\/\/rdnews.al\/index.php\/wp-json\/wp\/v2\/tags?post=116034"}],"curies":[{"name":"wp","href":"https:\/\/api.w.org\/{rel}","templated":true}]}}