{"id":116037,"date":"2025-06-08T19:20:56","date_gmt":"2025-06-08T19:20:56","guid":{"rendered":"https:\/\/rdnews.al\/?p=116037"},"modified":"2025-06-08T19:24:05","modified_gmt":"2025-06-08T19:24:05","slug":"rrevolte-ne-kosove-per-dhunen-e-policise-ndaj-simboleve-te-uck-ne-ndeshjen-shqiperi-serbi","status":"publish","type":"post","link":"https:\/\/rdnews.al\/index.php\/2025\/06\/08\/rrevolte-ne-kosove-per-dhunen-e-policise-ndaj-simboleve-te-uck-ne-ndeshjen-shqiperi-serbi\/","title":{"rendered":"Revolt\u00eb n\u00eb Kosov\u00eb p\u00ebr dhun\u00ebn e policis\u00eb ndaj simboleve t\u00eb U\u00c7K n\u00eb ndeshjen Shqip\u00ebri-Serbi"},"content":{"rendered":"<p>Nj\u00eb ngjarje e cil\u00ebsuar shqet\u00ebsuese n\u00eb Kosov\u00eb ka ndodhur n\u00eb stadiumin komb\u00ebtar Air Albania gjat\u00eb ndeshjes s\u00eb shum\u00ebpritur Shqip\u00ebri\u2013Serbi, ku Policia e Shtetit ka nd\u00ebrhyr\u00eb p\u00ebr t\u00eb ndaluar shfaqjen e flamurit t\u00eb Ushtris\u00eb \u00c7lirimtare t\u00eb Kosov\u00ebs (U\u00c7K) dhe ka larguar nga stadiumi edhe nj\u00eb tifoz q\u00eb mbante veshur nj\u00eb fanell\u00eb me k\u00ebt\u00eb simbol.<\/p>\n<p>Ky veprim ka ngjallur reagime t\u00eb forta n\u00eb rrjete sociale dhe n\u00eb opinionin publik, ve\u00e7an\u00ebrisht n\u00eb Kosov\u00eb, ku flamuri i U\u00c7K-s\u00eb vler\u00ebsohet si simbol i liris\u00eb, q\u00ebndres\u00ebs dhe sakrific\u00ebs p\u00ebr \u00e7lirim.<\/p>\n<p>Ngjarja ndodhi n\u00eb nj\u00eb nga ndeshjet m\u00eb t\u00eb ngarkuara emocionalisht p\u00ebr shqiptar\u00ebt, ku Shqip\u00ebria ishte nikoqire e Serbis\u00eb, n\u00eb nj\u00eb p\u00ebrballje q\u00eb\u00a0tejkalon fush\u00ebn e sportit dhe prek dimensione historike, politike dhe komb\u00ebtare.<\/p>\n<p>Shfaqja e flamurit t\u00eb U\u00c7K-s\u00eb nga tifoz\u00ebt nuk ishte e rast\u00ebsishme, ishte nj\u00eb shprehje krenarie dhe kujtese kolektive p\u00ebr sakrific\u00ebn e luft\u00ebs p\u00ebr liri.<\/p>\n<p>Megjithat\u00eb, para fillimit t\u00eb ndeshjes efektiv\u00ebt e Policis\u00eb s\u00eb Shtetit nd\u00ebrhyn\u00eb p\u00ebr t\u00eb larguar flamurin.<\/p>\n<p>E m\u00eb von\u00eb ishte nj\u00eb moment edhe m\u00eb i r\u00ebnd\u00eb, ku mbi 20 polic\u00eb e rrethuan nj\u00eb tifoz\u00eb q\u00eb po mbante veshur nj\u00eb fanell\u00eb me stem\u00ebn e U\u00c7K-s\u00eb. P\u00ebrkund\u00ebr se tifoz\u00ebt tjer\u00eb u munduan ta mbronin tifozin, ai u kap nga forcat e Policis\u00eb s\u00eb Shtetit dhe u u largua nga stadiumi.<\/p>\n<p>Pamjet dhe d\u00ebshmit\u00eb tregojn\u00eb se veprimi u krye n\u00eb m\u00ebnyr\u00eb t\u00eb rrept\u00eb, dhe pa ndonj\u00eb shpjegim t\u00eb menj\u00ebhersh\u00ebm p\u00ebr publikun.<\/p>\n<p>Mediat e Kosov\u00ebs shkruajn\u00eb se sipas Kodit Penal dhe ligjeve shqiptare, nuk ka ndalim ligjor p\u00ebr simbolet e U\u00c7K-s\u00eb. N\u00eb t\u00eb v\u00ebrtet\u00eb, Shqip\u00ebria ka qen\u00eb mb\u00ebshtet\u00ebse e fuqishme e Kosov\u00ebs dhe e luft\u00ebs \u00e7lirimtare.<\/p>\n<p>Madje shum\u00eb nga ish-krer\u00ebt e U\u00c7K-s\u00eb jan\u00eb nderuar n\u00eb Shqip\u00ebri dhe kan\u00eb marr\u00eb shtet\u00ebsin\u00eb shqiptare.<\/p>\n<p>T\u00eb ndalohet n\u00eb Tiran\u00eb, n\u00eb kryeqytetin shqiptar flamuri i Ushtris\u00eb \u00c7lirimtare t\u00eb Kosov\u00ebs duket e pabesueshme dhe nuk ka pasur lajme se ka nj\u00eb urdh\u00ebr t\u00eb brendsh\u00ebm p\u00ebr ndalimin e simboleve t\u00eb U\u00c7K-s\u00eb.<\/p>\n<p>Megjithat\u00eb veprimet e Policis\u00eb s\u00eb Shtetit kan\u00eb irrituar shum\u00eb tifoz\u00ebt q\u00eb nuk jan\u00eb pajtuar asesi me m\u00ebnyr\u00ebn si \u00ebsht\u00eb larguar flamuri i U\u00c7K-s\u00eb, por edhe tifozi q\u00eb mbante nj\u00eb fanell\u00eb veshur me at\u00eb stem\u00eb t\u00eb art\u00eb.<\/p>\n<p>Deri n\u00eb k\u00ebt\u00eb moment, institucionet e Kosov\u00ebs nuk kan\u00eb dal\u00eb me nj\u00eb reagim zyrtar, megjith\u00ebse ngjarja ka prekur thell\u00eb opinionin kosovar. Nd\u00ebrkoh\u00eb, n\u00eb Shqip\u00ebri po k\u00ebrkohet sqarim nga Ministria e Brendshme dhe Policia e Shtetit p\u00ebr k\u00ebt\u00eb nd\u00ebrhyrje t\u00eb pazakont\u00eb.<\/p>\n<p>Nga Kosova pritet nj\u00eb q\u00ebndrim dinjitoz institucional, q\u00eb t\u00eb mbroj\u00eb jo thjesht nj\u00eb flamur, por at\u00eb q\u00eb ai p\u00ebrfaq\u00ebson: gjakun, dinjitetin dhe luft\u00ebn p\u00ebr liri t\u00eb nj\u00eb populli q\u00eb ende sot paguan koston politike t\u00eb k\u00ebsaj sakrifice.<\/p>\n","protected":false},"excerpt":{"rendered":"<p>Nj\u00eb ngjarje e cil\u00ebsuar shqet\u00ebsuese n\u00eb Kosov\u00eb ka ndodhur n\u00eb stadiumin komb\u00ebtar Air Albania gjat\u00eb ndeshjes s\u00eb shum\u00ebpritur Shqip\u00ebri\u2013Serbi, ku Policia e Shtetit ka nd\u00ebrhyr\u00eb p\u00ebr t\u00eb ndaluar shfaqjen e flamurit t\u00eb Ushtris\u00eb \u00c7lirimtare t\u00eb Kosov\u00ebs (U\u00c7K) dhe ka larguar nga stadiumi edhe nj\u00eb tifoz q\u00eb mbante veshur nj\u00eb fanell\u00eb me k\u00ebt\u00eb simbol. Ky veprim &hellip;<\/p>\n","protected":false},"author":3,"featured_media":116038,"comment_status":"closed","ping_status":"closed","sticky":false,"template":"","format":"standard","meta":{"footnotes":""},"categories":[37,39],"tags":[],"class_list":["post-116037","post","type-post","status-publish","format-standard","has-post-thumbnail","","category-politike","category-sport"],"_links":{"self":[{"href":"https:\/\/rdnews.al\/index.php\/wp-json\/wp\/v2\/posts\/116037","targetHints":{"allow":["GET"]}}],"collection":[{"href":"https:\/\/rdnews.al\/index.php\/wp-json\/wp\/v2\/posts"}],"about":[{"href":"https:\/\/rdnews.al\/index.php\/wp-json\/wp\/v2\/types\/post"}],"author":[{"embeddable":true,"href":"https:\/\/rdnews.al\/index.php\/wp-json\/wp\/v2\/users\/3"}],"replies":[{"embeddable":true,"href":"https:\/\/rdnews.al\/index.php\/wp-json\/wp\/v2\/comments?post=116037"}],"version-history":[{"count":3,"href":"https:\/\/rdnews.al\/index.php\/wp-json\/wp\/v2\/posts\/116037\/revisions"}],"predecessor-version":[{"id":116041,"href":"https:\/\/rdnews.al\/index.php\/wp-json\/wp\/v2\/posts\/116037\/revisions\/116041"}],"wp:featuredmedia":[{"embeddable":true,"href":"https:\/\/rdnews.al\/index.php\/wp-json\/wp\/v2\/media\/116038"}],"wp:attachment":[{"href":"https:\/\/rdnews.al\/index.php\/wp-json\/wp\/v2\/media?parent=116037"}],"wp:term":[{"taxonomy":"category","embeddable":true,"href":"https:\/\/rdnews.al\/index.php\/wp-json\/wp\/v2\/categories?post=116037"},{"taxonomy":"post_tag","embeddable":true,"href":"https:\/\/rdnews.al\/index.php\/wp-json\/wp\/v2\/tags?post=116037"}],"curies":[{"name":"wp","href":"https:\/\/api.w.org\/{rel}","templated":true}]}}