{"id":116042,"date":"2025-06-09T08:23:58","date_gmt":"2025-06-09T08:23:58","guid":{"rendered":"https:\/\/rdnews.al\/?p=116042"},"modified":"2025-06-09T08:25:51","modified_gmt":"2025-06-09T08:25:51","slug":"malltezi-veteposhterohet-prokurorja-qe-amnistoi-fetahun-dhe-celen","status":"publish","type":"post","link":"https:\/\/rdnews.al\/index.php\/2025\/06\/09\/malltezi-veteposhterohet-prokurorja-qe-amnistoi-fetahun-dhe-celen\/","title":{"rendered":"Malltezi: Vet\u00ebposht\u00ebrohet prokurorja q\u00eb amnistoi Fetahun dhe \u00c7el\u00ebn!"},"content":{"rendered":"<p>Drejtuesi i Departamentit t\u00eb Mjedisit n\u00eb PD, Jamarb\u00ebr Malltezi ka reaguar n\u00eb lidhje me kalimin e Vetingut t\u00eb prokurores s\u00eb SPAK, Enkeleda Millonai, ku n\u00eb deklarat\u00ebn e saj, thuhet se ka paguar 475 euro\/ m2 p\u00ebr nj\u00eb apartament t\u00eb ri t\u00eb nd\u00ebrtuar n\u00eb vitin 2016.<\/p>\n<p>N\u00eb postimin e tij n\u00eb Facebook, Malltezi ka publikuar foto nga rr\u00ebnojat e ish-kompleksit Partizani dhe ka paralelizuar k\u00ebt\u00eb deklarat\u00eb t\u00eb Millonait, me dosjen \u2018Partizani\u2019, ku prokurorja e SPAK k\u00ebrkon q\u00eb objektet e shkat\u00ebrruara n\u00eb vitin 2008, duhet t\u00eb vler\u00ebsoheshin me 1000 euro\/ m2.<\/p>\n<p>\u201cVet\u00ebposht\u00ebrohet prokurorja qe ka amnistuar Pajtime Fetahun dhe Suel \u00c7el\u00ebn e tani n\u00eb sh\u00ebrbim t\u00eb Tualetit. Shkruan se objektet e shkat\u00ebrruara n\u00eb 2008 duheshin vler\u00ebsuar me 1000 euro\/m2, kurse vet\u00eb ajo p\u00ebr apartamentin e ri q\u00eb po nd\u00ebrtohej n\u00eb 2016 e ka paguar me ve\u00e7 475 euro\/m2 ka pretenduar (dhe vetingu i partis\u00eb e ka pranuar) se vlera e apartamenteve t\u00eb reja fringo me cil\u00ebsi t\u00eb lart\u00eb n\u00eb 2016 ishte ve\u00e7 400 euro\/m2\u201d, shkruan Malltezi.<\/p>\n<div id=\"rekl-13\">\n<div id=\"__sap-ad-15\" class=\"__sap-ads __sap-html inline tracked\" data-title=\"Credins desktop Brenda lajmit 08\"><\/div>\n<\/div>\n<div class=\"fotogaleri\">\n<div class=\"bx-wrapper\">\n<div class=\"bx-viewport\">\n<ul class=\"read-slider\">\n<li><a href=\"https:\/\/www.syri.net\/fotogaleria\/794455\/475-euro-m2-per-apartamentin-e-2016-malltezi-prokurorja-qe-amnistoi-fetahun-dhe-celen-veteposhterohet\/\" target=\"_blank\" rel=\"noopener\"><img decoding=\"async\" src=\"https:\/\/www.syri.net\/uploads\/syri.net\/images\/2025\/June\/08\/auto_505257065_10162253429303190_5696626347109499760_n1749400391.jpg\" \/><\/a>\n<div id=\"rekl-57\"><\/div>\n<div class=\"fotogaleri\">\n<div class=\"bx-wrapper\">\n<div class=\"bx-viewport\">\n<ul class=\"read-slider\">\n<li><a href=\"https:\/\/www.syri.net\/fotogaleria\/794455\/475-euro-m2-per-apartamentin-e-2016-malltezi-prokurorja-qe-amnistoi-fetahun-dhe-celen-veteposhterohet\/\" target=\"_blank\" rel=\"noopener\"><img decoding=\"async\" src=\"https:\/\/www.syri.net\/uploads\/syri.net\/images\/2025\/June\/08\/auto_502552539_10162253429398190_2745082445399576460_n1749400391.jpg\" \/><\/a><\/li>\n<\/ul>\n<\/div>\n<\/div>\n<\/div>\n<div id=\"rekl-13\">\n<div id=\"__sap-ad-15\" class=\"__sap-ads __sap-html inline tracked\" data-title=\"Credins desktop Brenda lajmit 08\"><ins><\/p>\n<div id=\"beacon_deaea44c85\"><img loading=\"lazy\" decoding=\"async\" src=\"https:\/\/ads1.medium.al\/www\/delivery\/lg.php?bannerid=0&amp;campaignid=0&amp;zoneid=232&amp;loc=https%3A%2F%2Fwww.syri.net%2Fpolitike%2F794455%2F475-euro-m2-per-apartamentin-e-2016-malltezi-prokurorja-qe-amnistoi-fetahun-dhe-celen-veteposhterohet%2F&amp;referer=https%3A%2F%2Fwww.syri.net%2Flajme%2F&amp;cb=deaea44c85\" alt=\"\" width=\"0\" height=\"0\" \/><\/div>\n<p><\/ins><\/div>\n<\/div>\n<div id=\"rekl-4\"><\/div>\n<\/li>\n<\/ul>\n<\/div>\n<\/div>\n<\/div>\n","protected":false},"excerpt":{"rendered":"<p>Drejtuesi i Departamentit t\u00eb Mjedisit n\u00eb PD, Jamarb\u00ebr Malltezi ka reaguar n\u00eb lidhje me kalimin e Vetingut t\u00eb prokurores s\u00eb SPAK, Enkeleda Millonai, ku n\u00eb deklarat\u00ebn e saj, thuhet se ka paguar 475 euro\/ m2 p\u00ebr nj\u00eb apartament t\u00eb ri t\u00eb nd\u00ebrtuar n\u00eb vitin 2016. N\u00eb postimin e tij n\u00eb Facebook, Malltezi ka publikuar foto &hellip;<\/p>\n","protected":false},"author":4,"featured_media":116043,"comment_status":"closed","ping_status":"closed","sticky":false,"template":"","format":"standard","meta":{"footnotes":""},"categories":[37],"tags":[],"class_list":["post-116042","post","type-post","status-publish","format-standard","has-post-thumbnail","","category-politike"],"_links":{"self":[{"href":"https:\/\/rdnews.al\/index.php\/wp-json\/wp\/v2\/posts\/116042","targetHints":{"allow":["GET"]}}],"collection":[{"href":"https:\/\/rdnews.al\/index.php\/wp-json\/wp\/v2\/posts"}],"about":[{"href":"https:\/\/rdnews.al\/index.php\/wp-json\/wp\/v2\/types\/post"}],"author":[{"embeddable":true,"href":"https:\/\/rdnews.al\/index.php\/wp-json\/wp\/v2\/users\/4"}],"replies":[{"embeddable":true,"href":"https:\/\/rdnews.al\/index.php\/wp-json\/wp\/v2\/comments?post=116042"}],"version-history":[{"count":2,"href":"https:\/\/rdnews.al\/index.php\/wp-json\/wp\/v2\/posts\/116042\/revisions"}],"predecessor-version":[{"id":116045,"href":"https:\/\/rdnews.al\/index.php\/wp-json\/wp\/v2\/posts\/116042\/revisions\/116045"}],"wp:featuredmedia":[{"embeddable":true,"href":"https:\/\/rdnews.al\/index.php\/wp-json\/wp\/v2\/media\/116043"}],"wp:attachment":[{"href":"https:\/\/rdnews.al\/index.php\/wp-json\/wp\/v2\/media?parent=116042"}],"wp:term":[{"taxonomy":"category","embeddable":true,"href":"https:\/\/rdnews.al\/index.php\/wp-json\/wp\/v2\/categories?post=116042"},{"taxonomy":"post_tag","embeddable":true,"href":"https:\/\/rdnews.al\/index.php\/wp-json\/wp\/v2\/tags?post=116042"}],"curies":[{"name":"wp","href":"https:\/\/api.w.org\/{rel}","templated":true}]}}