{"id":116046,"date":"2025-06-09T08:30:06","date_gmt":"2025-06-09T08:30:06","guid":{"rendered":"https:\/\/rdnews.al\/?p=116046"},"modified":"2025-06-09T08:30:06","modified_gmt":"2025-06-09T08:30:06","slug":"vlora-pa-uje-dhe-pa-drita-ne-mes-te-sezonit-turistik","status":"publish","type":"post","link":"https:\/\/rdnews.al\/index.php\/2025\/06\/09\/vlora-pa-uje-dhe-pa-drita-ne-mes-te-sezonit-turistik\/","title":{"rendered":"Vlora pa uj\u00eb dhe pa drita n\u00eb mes t\u00eb sezonit turistik!"},"content":{"rendered":"<p>Sikur t\u00eb mos mjaftonin shtullungat e m\u00ebdha t\u00eb tymit q\u00eb mbuluan qytetin p\u00ebr shkak t\u00eb zjarrit tek fusha e mbetjeve, disa zona t\u00eb Vlor\u00ebs kan\u00eb mbetur edhe pa uj\u00eb dhe pa energji elektrike n\u00eb mes t\u00eb sezonit turistik.<\/p>\n<p>Lajmin e ka b\u00ebr\u00eb me dije vet\u00eb institucioni i Uj\u00ebsjell\u00ebs Kanalizimeve Vlor\u00eb, e cila thot\u00eb se dit\u00ebn e djeshme ka patur probleme me shp\u00ebrndarjen e ujit p\u00ebr shkak t\u00eb nd\u00ebrprerjes s\u00eb energjis\u00eb elektrike n\u00eb zonat ku gjenden Stacionet e Uj\u00ebsjell\u00ebsit.<\/p>\n<p>Nd\u00ebrkoh\u00eb, gjat\u00eb mesnat\u00ebs, b\u00ebhet me dije se ka patur nj\u00eb avari n\u00eb sistem edhe tek stacionin kryesor nr.4 i Uj\u00ebsjell\u00ebsit dhe p\u00ebr k\u00ebt\u00eb shkak raportohet se vlonjat\u00ebt do ngelen pa uj\u00eb edhe dit\u00ebn e sotme, deri n\u00eb normalizimin e situat\u00ebs, pasi do t\u00eb ket\u00eb edhe stakime t\u00eb tjera t\u00eb linjave kryesore apo deg\u00ebzimeve t\u00eb tyre<\/p>\n<p><strong>NJOFTIMI<\/strong><\/p>\n<p>Uj\u00ebsjell\u00ebs Kanalizime Rajoni Vlor\u00eb informon qytetar\u00ebt dhe bizneset se gjat\u00eb dit\u00ebs s\u00eb djeshme ka patur stakime t\u00eb energjis\u00eb elektrike n\u00eb zonat ku gjenden Stacionet e Uj\u00ebsjell\u00ebsit, t\u00eb cilat kan\u00eb krijuar anomali n\u00eb drejtim t\u00eb transmetimit dhe shp\u00ebrndarjes s\u00eb ujit.<\/p>\n<p>Gjithashtu mesnat\u00ebn e kaluar \u00ebsht\u00eb stakuar Stacionin kryesor Nr.4 i Uj\u00ebsjell\u00ebsit p\u00ebr shkak t\u00eb nj\u00eb avarie n\u00eb sistem. Si rrjedhoj\u00eb, qyteti i Vlor\u00ebs nuk \u00ebsht\u00eb furnizuar me uj\u00eb gjat\u00eb orarit t\u00eb m\u00ebngjesit t\u00eb sot\u00ebm.<\/p>\n<p>Kjo anomali e krijuar, deri n\u00eb normalizimin e situat\u00ebs p\u00ebr vendosjen e Stacioneve n\u00eb pun\u00eb, do t\u00eb shoq\u00ebrohet gjat\u00eb dit\u00ebs s\u00eb sotme edhe me stakime t\u00eb tjera t\u00eb linjave kryesore apo deg\u00ebzimeve t\u00eb tyre p\u00ebr t\u2019i dh\u00ebn\u00eb akses furnizimit t\u00eb depove.<\/p>\n<p>Uj\u00ebsjell\u00ebs Kanalizime Rajoni Vlor\u00eb po punon me ritme p\u00ebr t\u00eb p\u00ebrfunduar n\u00eb nj\u00eb koh\u00eb t\u00eb shkurt\u00ebr k\u00ebto nd\u00ebrhyrje t\u00eb domosdoshme.<\/p>\n","protected":false},"excerpt":{"rendered":"<p>Sikur t\u00eb mos mjaftonin shtullungat e m\u00ebdha t\u00eb tymit q\u00eb mbuluan qytetin p\u00ebr shkak t\u00eb zjarrit tek fusha e mbetjeve, disa zona t\u00eb Vlor\u00ebs kan\u00eb mbetur edhe pa uj\u00eb dhe pa energji elektrike n\u00eb mes t\u00eb sezonit turistik. Lajmin e ka b\u00ebr\u00eb me dije vet\u00eb institucioni i Uj\u00ebsjell\u00ebs Kanalizimeve Vlor\u00eb, e cila thot\u00eb se dit\u00ebn &hellip;<\/p>\n","protected":false},"author":4,"featured_media":116047,"comment_status":"closed","ping_status":"closed","sticky":false,"template":"","format":"standard","meta":{"footnotes":""},"categories":[37],"tags":[],"class_list":["post-116046","post","type-post","status-publish","format-standard","has-post-thumbnail","","category-politike"],"_links":{"self":[{"href":"https:\/\/rdnews.al\/index.php\/wp-json\/wp\/v2\/posts\/116046","targetHints":{"allow":["GET"]}}],"collection":[{"href":"https:\/\/rdnews.al\/index.php\/wp-json\/wp\/v2\/posts"}],"about":[{"href":"https:\/\/rdnews.al\/index.php\/wp-json\/wp\/v2\/types\/post"}],"author":[{"embeddable":true,"href":"https:\/\/rdnews.al\/index.php\/wp-json\/wp\/v2\/users\/4"}],"replies":[{"embeddable":true,"href":"https:\/\/rdnews.al\/index.php\/wp-json\/wp\/v2\/comments?post=116046"}],"version-history":[{"count":1,"href":"https:\/\/rdnews.al\/index.php\/wp-json\/wp\/v2\/posts\/116046\/revisions"}],"predecessor-version":[{"id":116048,"href":"https:\/\/rdnews.al\/index.php\/wp-json\/wp\/v2\/posts\/116046\/revisions\/116048"}],"wp:featuredmedia":[{"embeddable":true,"href":"https:\/\/rdnews.al\/index.php\/wp-json\/wp\/v2\/media\/116047"}],"wp:attachment":[{"href":"https:\/\/rdnews.al\/index.php\/wp-json\/wp\/v2\/media?parent=116046"}],"wp:term":[{"taxonomy":"category","embeddable":true,"href":"https:\/\/rdnews.al\/index.php\/wp-json\/wp\/v2\/categories?post=116046"},{"taxonomy":"post_tag","embeddable":true,"href":"https:\/\/rdnews.al\/index.php\/wp-json\/wp\/v2\/tags?post=116046"}],"curies":[{"name":"wp","href":"https:\/\/api.w.org\/{rel}","templated":true}]}}