{"id":116053,"date":"2025-06-09T08:50:15","date_gmt":"2025-06-09T08:50:15","guid":{"rendered":"https:\/\/rdnews.al\/?p=116053"},"modified":"2025-06-09T08:50:15","modified_gmt":"2025-06-09T08:50:15","slug":"ne-majen-e-evropes-ne-portugali-festojne-me-ronaldon","status":"publish","type":"post","link":"https:\/\/rdnews.al\/index.php\/2025\/06\/09\/ne-majen-e-evropes-ne-portugali-festojne-me-ronaldon\/","title":{"rendered":"\u201cN\u00eb maj\u00ebn e Evrop\u00ebs\u201d, n\u00eb Portugali festojn\u00eb me Ronaldon!"},"content":{"rendered":"<p>P\u00ebr her\u00eb t\u00eb dyt\u00eb n\u00eb histori, p\u00ebr her\u00eb t\u00eb dyt\u00eb n\u00ebn udh\u00ebheqjen e legjend\u00ebs C.Ronaldo, Portugalia triumfon n\u00eb Lig\u00ebn e Kombeve. Ky ishte nj\u00eb trofe special, p\u00ebr nj\u00eb brez fantastik lojtar\u00ebsh, i mbushur me talente, por s\u00ebrish \u00ebsht\u00eb ai CR7 q\u00eb l\u00eb gjurm\u00eb, me nj\u00eb gol me shum\u00eb pesh\u00eb. Portugalia triumfoi n\u00eb finale p\u00ebrball\u00eb Spanj\u00ebs s\u00eb Yamal, por k\u00ebt\u00eb her\u00eb ylli i Bar\u00e7\u00ebs nuk arriti t\u00eb shk\u00eblqej i eklipsuar nga nj\u00eb super Nuno Mendes q\u00eb u shpall lojtari i ndeshjes. Kjo finale rezultoi nj\u00eb super ndeshje, me 4 gola t\u00eb sh\u00ebnuar, por nuk mjaftoi as koha e rregullt e as shtesa p\u00ebr t\u00eb p\u00ebrcaktuar nj\u00eb fitues, u desh ruleta e penalltive p\u00ebr t\u00eb vendosur fituesin.<\/p>\n<p>Spanja e nisi me \u201cmarshin e pest\u00eb\u201d, ku n\u00eb minut\u00ebn e 21-t\u00eb, Zubimendi p\u00ebrfitoi nga nj\u00eb top i ngecur n\u00eb zon\u00eb duke kaluar ekipin e De la Fuente n\u00eb avantazh. Festa nuk zgjati shum\u00eb pasi an\u00ebsori i PSG, Nuno Mendes me nj\u00eb aksion personal rikthehu baraspesh\u00ebn pas vet\u00ebm 5 minutash loj\u00eb. N\u00eb fundin e pjes\u00ebs s\u00eb par\u00eb, Spanja kapi s\u00ebrish \u201cmat\u201d Portugalin\u00eb, me Oyarzabal q\u00eb realizoi golin e dyt\u00eb p\u00ebr \u201cFurin\u00eb e Kuqe\u201d.<\/p>\n<p>N\u00eb fraksionin e dyt\u00eb, n\u00eb minut\u00ebn e 61-t\u00eb, Ronaldo n\u00eb zon\u00eb barazoi shifrat n\u00eb 2-2. Ky ishte goli i tij i 938 n\u00eb karrier\u00eb, i 138 me fanell\u00ebn e p\u00ebrfaq\u00ebsues portugeze. Rezultati mbeti i pandryshuar deri n\u00eb fund, madje nuk ndryshoi as n\u00eb shtes\u00eb, duke b\u00ebr\u00eb q\u00eb trofeu t\u00eb vendosej nga pika e bardh\u00eb e penalltis\u00eb. Portugalia ishte thjesht perfekte, me luzitan\u00ebt q\u00eb realizuan sakt\u00eb 5 nga 5 penallti, nd\u00ebrsa penalltia e fundit e humbur nga Alvaro Morata rezultoi p\u00ebrcaktuese duke b\u00ebr\u00eb q\u00eb Portugalia t\u00eb shpallej fituese e k\u00ebtij edicioni n\u00eb Lig\u00ebn e Kombeve. Me trofeun n\u00eb duar, Ronaldo dhe e gjith\u00eb pjesa tjet\u00ebr e Portugalis\u00eb festuan gjat\u00eb p\u00ebr k\u00ebt\u00eb sukses t\u00eb r\u00ebnd\u00ebsish\u00ebm.<\/p>\n<div class=\"galery-slider\">\n<ul class=\"slides\">\n<li class=\"flex-slider-item\" data-thumb-alt=\"\"><a href=\"https:\/\/www.balkanweb.com\/wp-content\/uploads\/2025\/06\/o-jogo.jpg\" rel=\"lightbox noopener\" target=\"_blank\"><img decoding=\"async\" draggable=\"false\" src=\"https:\/\/www.balkanweb.com\/wp-content\/uploads\/2025\/06\/o-jogo.jpg\" alt=\"foto galeri \" \/><\/a><\/li>\n<li class=\"flex-slider-item\" data-thumb-alt=\"\"><a href=\"https:\/\/www.balkanweb.com\/wp-content\/uploads\/2025\/06\/rekord.jpg\" rel=\"lightbox noopener\" target=\"_blank\"><img decoding=\"async\" draggable=\"false\" src=\"https:\/\/www.balkanweb.com\/wp-content\/uploads\/2025\/06\/rekord.jpg\" alt=\"foto galeri \" \/><\/a><\/li>\n<li class=\"flex-slider-item flex-active-slide\" data-thumb-alt=\"\"><a href=\"https:\/\/www.balkanweb.com\/wp-content\/uploads\/2025\/06\/a-bola.jpg\" rel=\"lightbox noopener\" target=\"_blank\"><img decoding=\"async\" draggable=\"false\" src=\"https:\/\/www.balkanweb.com\/wp-content\/uploads\/2025\/06\/a-bola.jpg\" alt=\"foto galeri \" \/><\/a><\/li>\n<\/ul>\n<ol class=\"flex-control-nav flex-control-paging\">\n<li><a class=\"\" href=\"https:\/\/www.balkanweb.com\/foto-ne-majen-e-evropes-ne-portugali-festojne-me-ronaldon\/#\" target=\"_blank\" rel=\"noopener\">1<\/a><\/li>\n<li><a class=\"\" href=\"https:\/\/www.balkanweb.com\/foto-ne-majen-e-evropes-ne-portugali-festojne-me-ronaldon\/#\" target=\"_blank\" rel=\"noopener\">2<\/a><\/li>\n<li><a class=\"flex-active\" href=\"https:\/\/www.balkanweb.com\/foto-ne-majen-e-evropes-ne-portugali-festojne-me-ronaldon\/#\" target=\"_blank\" rel=\"noopener\">3<\/a><\/li>\n<\/ol>\n<ul class=\"flex-direction-nav\">\n<li class=\"flex-nav-prev\"><a class=\"flex-prev\" href=\"https:\/\/www.balkanweb.com\/foto-ne-majen-e-evropes-ne-portugali-festojne-me-ronaldon\/#\" target=\"_blank\" rel=\"noopener\">Previous<\/a><\/li>\n<li class=\"flex-nav-next\"><a class=\"flex-next flex-disabled\" tabindex=\"-1\" href=\"https:\/\/www.balkanweb.com\/foto-ne-majen-e-evropes-ne-portugali-festojne-me-ronaldon\/#\" target=\"_blank\" rel=\"noopener\">Next<\/a><\/li>\n<\/ul>\n<\/div>\n<p>Festojn\u00eb p\u00ebr k\u00ebt\u00eb triumf edhe mediat n\u00eb Portugali, me luzitan\u00ebt q\u00eb rikthehen edhe nj\u00eb her\u00eb n\u00eb maj\u00ebn e Evrop\u00ebs. \/<em><strong>BW<\/strong><\/em><\/p>\n<p>&nbsp;<\/p>\n<p>&nbsp;<\/p>\n","protected":false},"excerpt":{"rendered":"<p>P\u00ebr her\u00eb t\u00eb dyt\u00eb n\u00eb histori, p\u00ebr her\u00eb t\u00eb dyt\u00eb n\u00ebn udh\u00ebheqjen e legjend\u00ebs C.Ronaldo, Portugalia triumfon n\u00eb Lig\u00ebn e Kombeve. Ky ishte nj\u00eb trofe special, p\u00ebr nj\u00eb brez fantastik lojtar\u00ebsh, i mbushur me talente, por s\u00ebrish \u00ebsht\u00eb ai CR7 q\u00eb l\u00eb gjurm\u00eb, me nj\u00eb gol me shum\u00eb pesh\u00eb. Portugalia triumfoi n\u00eb finale p\u00ebrball\u00eb Spanj\u00ebs &hellip;<\/p>\n","protected":false},"author":4,"featured_media":116054,"comment_status":"closed","ping_status":"closed","sticky":false,"template":"","format":"standard","meta":{"footnotes":""},"categories":[39],"tags":[],"class_list":["post-116053","post","type-post","status-publish","format-standard","has-post-thumbnail","","category-sport"],"_links":{"self":[{"href":"https:\/\/rdnews.al\/index.php\/wp-json\/wp\/v2\/posts\/116053","targetHints":{"allow":["GET"]}}],"collection":[{"href":"https:\/\/rdnews.al\/index.php\/wp-json\/wp\/v2\/posts"}],"about":[{"href":"https:\/\/rdnews.al\/index.php\/wp-json\/wp\/v2\/types\/post"}],"author":[{"embeddable":true,"href":"https:\/\/rdnews.al\/index.php\/wp-json\/wp\/v2\/users\/4"}],"replies":[{"embeddable":true,"href":"https:\/\/rdnews.al\/index.php\/wp-json\/wp\/v2\/comments?post=116053"}],"version-history":[{"count":1,"href":"https:\/\/rdnews.al\/index.php\/wp-json\/wp\/v2\/posts\/116053\/revisions"}],"predecessor-version":[{"id":116055,"href":"https:\/\/rdnews.al\/index.php\/wp-json\/wp\/v2\/posts\/116053\/revisions\/116055"}],"wp:featuredmedia":[{"embeddable":true,"href":"https:\/\/rdnews.al\/index.php\/wp-json\/wp\/v2\/media\/116054"}],"wp:attachment":[{"href":"https:\/\/rdnews.al\/index.php\/wp-json\/wp\/v2\/media?parent=116053"}],"wp:term":[{"taxonomy":"category","embeddable":true,"href":"https:\/\/rdnews.al\/index.php\/wp-json\/wp\/v2\/categories?post=116053"},{"taxonomy":"post_tag","embeddable":true,"href":"https:\/\/rdnews.al\/index.php\/wp-json\/wp\/v2\/tags?post=116053"}],"curies":[{"name":"wp","href":"https:\/\/api.w.org\/{rel}","templated":true}]}}