{"id":116135,"date":"2025-06-09T18:13:02","date_gmt":"2025-06-09T18:13:02","guid":{"rendered":"https:\/\/rdnews.al\/?p=116135"},"modified":"2025-06-09T18:13:52","modified_gmt":"2025-06-09T18:13:52","slug":"i-proceduar-penalisht-disa-here-ish-kandidati-i-tom-doshgit-fitoi-tenderin-e-restaurimit-te-spacit","status":"publish","type":"post","link":"https:\/\/rdnews.al\/index.php\/2025\/06\/09\/i-proceduar-penalisht-disa-here-ish-kandidati-i-tom-doshgit-fitoi-tenderin-e-restaurimit-te-spacit\/","title":{"rendered":"I proceduar penalisht disa her\u00eb, kandidati i Tom Doshit fitoi tenderin e restaurimit t\u00eb Spa\u00e7it"},"content":{"rendered":"<div id=\"rekl-49\">Nj\u00eb nga burgjet dhe kampet m\u00eb fam\u00ebkeqe t\u00eb diktarur\u00ebs, Spa\u00e7i, \u00ebsht\u00eb rikthyer n\u00eb v\u00ebmendje gjat\u00eb dit\u00ebve t\u00eb fundit.<\/div>\n<div class=\"readmore-text-here\">\n<p>Fotot dhe videot e publikuara tregonin se godinat ku kan\u00eb vuajtur mij\u00ebra t\u00eb burgosur p\u00ebr q\u00ebllime politike, ku jan\u00eb torturuar dhe punuar n\u00eb minierat vdekjeprur\u00ebse n\u00eb zon\u00eb, po lyheshin dhe suvatoheshin.<\/p>\n<p>Projektet d\u00ebshtake t\u00eb institucioneve shtet\u00ebrore po tentonin q\u00eb t\u00eb mbulonin nj\u00eb nga plag\u00ebt m\u00eb t\u00eb r\u00ebnda t\u00eb shoq\u00ebris\u00eb son\u00eb.<\/p>\n<p>Me t\u00eb drejt\u00eb, pati reagime t\u00eb forta, ku aktor\u00ebt m\u00eb kryesor\u00eb jan\u00eb padyshim ata q\u00eb kan\u00eb vuajtur n\u00eb at\u00eb kamp dhe burg. Ata d\u00ebshmuan se, lyerja dhe \u201cmakijazhi\u201d nuk i fsheh dot torturat q\u00eb kan\u00eb ndodhur brenda atyre mureve.<\/p>\n<p>Zymt\u00ebsia e godinave sjell fare mir\u00eb at\u00eb q\u00eb kan\u00eb vuajtur t\u00eb d\u00ebnuarit dhe t\u00eb internuarit.\u00a0Por kush e b\u00ebri restaurimin?! Cili institucion apo firm\u00eb urdh\u00ebroi dhe kreu punime t\u00eb kota n\u00eb ato godina?!<\/p>\n<p>N\u00eb muajin prill 2024, Instituti Komb\u00ebtar i Trash\u00ebgimis\u00eb Kulturore finalizoi tenderin p\u00ebr Burgun e Spa\u00e7it.<\/p>\n<p>Sipas dokumenteve q\u00eb disponon ekskluzivisht VoxNews, firma fituese q\u00eb ka b\u00ebr\u00eb ato punime quhet \u201cMARTINI KONSTRUKSION &amp; REAL ESTATE\u201d sh.p.k, me pronar Benard Martini, i cili ka qen\u00eb kandidat p\u00ebr deputet i Partis\u00eb Social Demokrate n\u00eb vitin 2021.<\/p>\n<p>N\u00eb dokumente shkruhet se b\u00ebhet fjal\u00eb p\u00ebr tenderin me objekt \u201cnd\u00ebrhyrje konservuese-restauruese n\u00eb Burgun e Spa\u00e7it\u201d. Fondi i akorduar ka qen\u00eb 12.792.136 lek\u00eb, ose rreth 130 mij\u00eb euro. Fituesi \u00ebsht\u00eb shpallur n\u00eb fillim t\u00eb muajin prill 2024.<\/p>\n<p>Lidhja e kontrat\u00ebs u b\u00eb n\u00eb mes t\u00eb muajit prill, nd\u00ebrsa firma kishte disa jav\u00eb koh\u00eb q\u00eb t\u00eb kryente punimet.<\/p>\n<p><img decoding=\"async\" src=\"https:\/\/www.syri.net\/uploads\/syri.net\/images\/2025\/June\/09\/auto_hes1749491569.jpeg\" alt=\"Image\" \/><\/p>\n<p>Nd\u00ebrhyrja n\u00eb nj\u00eb objekt t\u00eb r\u00ebnd\u00ebsish\u00ebm, q\u00eb tregon koh\u00ebn q\u00eb ka kaluar Shqip\u00ebria, duhet t\u00eb ishte b\u00ebr\u00eb nga nj\u00eb firm\u00eb e licensuar p\u00ebr nd\u00ebrhyrje n\u00eb t\u00eb tilla vepra.<\/p>\n<p>Madje, duheshin b\u00ebr\u00eb projekte dhe analiza t\u00eb mir\u00ebfillta, me q\u00ebllim q\u00eb objektit mos t\u2019i humbte identiteti.<\/p>\n<p>Por, faktet tregojn\u00eb se firma q\u00eb ka b\u00ebr\u00eb ato punime ka qen\u00eb e lidhur me pushtetin, me parti politike dhe pa p\u00ebrvoj\u00eb.<\/p>\n<p>Pronari i kompanis\u00eb \u201cMARTINI KONSTRUKSION &amp; REAL ESTATE\u201d, quhet Benard Martini, i cili ka pasur nj\u00eb firm\u00eb p\u00ebr skela. Ai ka kandiduar p\u00ebr PSD-n\u00eb n\u00eb vitin 2021, nd\u00ebrkoh\u00eb q\u00eb ka deklaruar se ka qen\u00eb i proceduar disa her\u00eb p\u00ebr vepra t\u00eb ndryshme penale.<\/p>\n<p>Normalisht kompania ka fituar tenderin dhe ka vijuar punimet p\u00ebr t\u00eb zbatuar edhe afatet. Por, shum\u00eb e dyshimt\u00eb mbetet vendimmarrja e k\u00ebtij Instituti, i cili i beson nj\u00eb godin\u00eb t\u00eb till\u00eb historike nj\u00eb firme t\u00eb panjohur, pa t\u00eb kaluar n\u00eb restaurim dhe p\u00ebr m\u00eb tep\u00ebr, pronari ka qen\u00eb i proceduar.<\/p>\n<p><img decoding=\"async\" src=\"https:\/\/www.syri.net\/uploads\/syri.net\/images\/2025\/June\/09\/auto_denim1749491636.jpeg\" alt=\"Image\" \/><\/p>\n<p>Vet\u00eb Martini ka deklaruar para KQZ-s\u00eb se ka pasur dosje n\u00eb Prokurorin\u00eb e Tiran\u00ebs n\u00eb vitin 2016. Dosja e par\u00eb ka qen\u00eb p\u00ebr shkat\u00ebrrim prone\u201d.<\/p>\n<p>Dosja e dyt\u00eb, n\u00eb vitin 2015 po n\u00eb Prokurorin\u00eb e Tiran\u00ebs p\u00ebr \u201cnd\u00ebrtim t\u00eb paligjsh\u00ebm\u201d.<\/p>\n<p>Dhe dosja e tret\u00eb, n\u00eb vitin 2009, p\u00ebr \u201cvjedhje\u201d.<\/p>\n<p><img decoding=\"async\" src=\"https:\/\/www.syri.net\/uploads\/syri.net\/images\/2025\/June\/09\/auto_form1749491687.jpeg\" alt=\"Image\" \/><\/p>\n<p>Nuk e dim\u00eb n\u00ebse d\u00ebnimet e m\u00ebparshme t\u00eb Martini kan\u00eb qen\u00eb kriter p\u00ebr fitimin e tenderit, aq m\u00eb tep\u00ebr n\u00eb nj\u00eb ish-burg.<\/p>\n<p>Por, ajo q\u00eb \u00ebsht\u00eb shum\u00eb e dyshimt\u00eb mbetet cil\u00ebsia e punimeve dhe kryerja e tyre p\u00ebr t\u00eb \u201cfshir\u00eb\u201d nj\u00eb pjes\u00eb t\u00eb historis\u00eb s\u00eb mij\u00ebra shqiptar\u00ebve q\u00eb kan\u00eb humbur jet\u00ebn dhe jan\u00eb torturuar n\u00eb Spa\u00e7. \/Voxnews\/<\/p>\n<\/div>\n","protected":false},"excerpt":{"rendered":"<p>Nj\u00eb nga burgjet dhe kampet m\u00eb fam\u00ebkeqe t\u00eb diktarur\u00ebs, Spa\u00e7i, \u00ebsht\u00eb rikthyer n\u00eb v\u00ebmendje gjat\u00eb dit\u00ebve t\u00eb fundit. Fotot dhe videot e publikuara tregonin se godinat ku kan\u00eb vuajtur mij\u00ebra t\u00eb burgosur p\u00ebr q\u00ebllime politike, ku jan\u00eb torturuar dhe punuar n\u00eb minierat vdekjeprur\u00ebse n\u00eb zon\u00eb, po lyheshin dhe suvatoheshin. Projektet d\u00ebshtake t\u00eb institucioneve shtet\u00ebrore po &hellip;<\/p>\n","protected":false},"author":4,"featured_media":10423,"comment_status":"closed","ping_status":"closed","sticky":false,"template":"","format":"standard","meta":{"footnotes":""},"categories":[37],"tags":[],"class_list":["post-116135","post","type-post","status-publish","format-standard","has-post-thumbnail","","category-politike"],"_links":{"self":[{"href":"https:\/\/rdnews.al\/index.php\/wp-json\/wp\/v2\/posts\/116135","targetHints":{"allow":["GET"]}}],"collection":[{"href":"https:\/\/rdnews.al\/index.php\/wp-json\/wp\/v2\/posts"}],"about":[{"href":"https:\/\/rdnews.al\/index.php\/wp-json\/wp\/v2\/types\/post"}],"author":[{"embeddable":true,"href":"https:\/\/rdnews.al\/index.php\/wp-json\/wp\/v2\/users\/4"}],"replies":[{"embeddable":true,"href":"https:\/\/rdnews.al\/index.php\/wp-json\/wp\/v2\/comments?post=116135"}],"version-history":[{"count":2,"href":"https:\/\/rdnews.al\/index.php\/wp-json\/wp\/v2\/posts\/116135\/revisions"}],"predecessor-version":[{"id":116137,"href":"https:\/\/rdnews.al\/index.php\/wp-json\/wp\/v2\/posts\/116135\/revisions\/116137"}],"wp:featuredmedia":[{"embeddable":true,"href":"https:\/\/rdnews.al\/index.php\/wp-json\/wp\/v2\/media\/10423"}],"wp:attachment":[{"href":"https:\/\/rdnews.al\/index.php\/wp-json\/wp\/v2\/media?parent=116135"}],"wp:term":[{"taxonomy":"category","embeddable":true,"href":"https:\/\/rdnews.al\/index.php\/wp-json\/wp\/v2\/categories?post=116135"},{"taxonomy":"post_tag","embeddable":true,"href":"https:\/\/rdnews.al\/index.php\/wp-json\/wp\/v2\/tags?post=116135"}],"curies":[{"name":"wp","href":"https:\/\/api.w.org\/{rel}","templated":true}]}}