{"id":116138,"date":"2025-06-09T18:18:13","date_gmt":"2025-06-09T18:18:13","guid":{"rendered":"https:\/\/rdnews.al\/?p=116138"},"modified":"2025-06-09T18:19:25","modified_gmt":"2025-06-09T18:19:25","slug":"ethem-aga-ne-bote-nuk-kemi-pare-kurre-grupe-kriminale-qe-te-punojne-per-qeverine","status":"publish","type":"post","link":"https:\/\/rdnews.al\/index.php\/2025\/06\/09\/ethem-aga-ne-bote-nuk-kemi-pare-kurre-grupe-kriminale-qe-te-punojne-per-qeverine\/","title":{"rendered":"Et\u2019hem Aga: N\u00eb bot\u00eb s&#8217;kemi par\u00eb kurr\u00eb grupe kriminale q\u00eb t\u00eb punojn\u00eb p\u00ebr qeverin\u00eb"},"content":{"rendered":"<p>Kandidati i Partis\u00eb Demokratike p\u00ebr Tiran\u00ebn, Et\u2019hem Aga ka shp\u00ebrthyer me akuza t\u00eb forta ndaj qeveris\u00eb dhe mazhoranc\u00ebs socialiste p\u00ebr lidhjet e saj me krimin.<\/p>\n<p>Aga theksoi se, shqet\u00ebsimi kryesor \u00ebsht\u00eb rritja e aktiviteteve kriminale t\u00eb bandave n\u00eb Shqip\u00ebri, duke e cil\u00ebsuar k\u00ebt\u00eb fenomen si nj\u00eb skandal q\u00eb nuk ka precedent n\u00eb asnj\u00eb vend tjet\u00ebr t\u00eb bot\u00ebs, p\u00ebrfshir\u00eb edhe Franc\u00ebn, ku ai ka jetuar p\u00ebr 35 vite.<\/p>\n<p>Sipas tij, Shqip\u00ebria \u00ebsht\u00eb e p\u00ebrfshir\u00eb n\u00eb nj\u00eb situat\u00eb ku grupet kriminale operojn\u00eb hapur, duke u b\u00ebr\u00eb pjes\u00eb e nj\u00eb sistemi t\u00eb korrupsionit t\u00eb thell\u00eb q\u00eb po minon \u00e7do shans p\u00ebr zhvillim dhe integrim.<\/p>\n<p>\u201cUn\u00eb vendosa t\u00eb kandidoj p\u00ebr PD sepse jam pjes\u00eb e PD q\u00eb n\u00eb fillesat e saj. Vendosa q\u00eb t\u00eb angazhohem dhe kam b\u00ebr\u00eb mir\u00eb q\u00eb jam angazhuar. E pash\u00eb realitetin shqiptar me syt\u00eb e mi. Jo vet\u00ebm ajo q\u00eb shihet, por edhe ajo q\u00eb nuk shihet \u00ebsht\u00eb problem n\u00eb k\u00ebt\u00eb vend.<\/p>\n<p>Shqet\u00ebsimi im \u00ebsht\u00eb se sa Troplin\u00eb ka n\u00eb Shqip\u00ebri. N\u00eb Franc\u00eb kam jetuar 35 vite dhe s\u2019kam par\u00eb asnj\u00ebher\u00eb k\u00ebt\u00eb lloj gj\u00ebje q\u00eb ka ndodhur k\u00ebtu.<\/p>\n<p>Ne n\u00eb bot\u00eb nuk kemi par\u00eb kurr\u00eb grupe kriminale, q\u00eb t\u00eb punojn\u00eb p\u00ebr qeverin\u00eb. Ky \u00ebsht\u00eb nj\u00eb skandal dhe kjo \u00ebsht\u00eb diferenca q\u00eb un\u00eb kam par\u00eb gjith\u00eb jet\u00ebn time\u201d, tha Aga n\u00eb \u2018Task Force\u2019 n\u00eb Syri Tv.<\/p>\n","protected":false},"excerpt":{"rendered":"<p>Kandidati i Partis\u00eb Demokratike p\u00ebr Tiran\u00ebn, Et\u2019hem Aga ka shp\u00ebrthyer me akuza t\u00eb forta ndaj qeveris\u00eb dhe mazhoranc\u00ebs socialiste p\u00ebr lidhjet e saj me krimin. Aga theksoi se, shqet\u00ebsimi kryesor \u00ebsht\u00eb rritja e aktiviteteve kriminale t\u00eb bandave n\u00eb Shqip\u00ebri, duke e cil\u00ebsuar k\u00ebt\u00eb fenomen si nj\u00eb skandal q\u00eb nuk ka precedent n\u00eb asnj\u00eb vend tjet\u00ebr &hellip;<\/p>\n","protected":false},"author":4,"featured_media":116139,"comment_status":"closed","ping_status":"closed","sticky":false,"template":"","format":"standard","meta":{"footnotes":""},"categories":[37],"tags":[],"class_list":["post-116138","post","type-post","status-publish","format-standard","has-post-thumbnail","","category-politike"],"_links":{"self":[{"href":"https:\/\/rdnews.al\/index.php\/wp-json\/wp\/v2\/posts\/116138","targetHints":{"allow":["GET"]}}],"collection":[{"href":"https:\/\/rdnews.al\/index.php\/wp-json\/wp\/v2\/posts"}],"about":[{"href":"https:\/\/rdnews.al\/index.php\/wp-json\/wp\/v2\/types\/post"}],"author":[{"embeddable":true,"href":"https:\/\/rdnews.al\/index.php\/wp-json\/wp\/v2\/users\/4"}],"replies":[{"embeddable":true,"href":"https:\/\/rdnews.al\/index.php\/wp-json\/wp\/v2\/comments?post=116138"}],"version-history":[{"count":2,"href":"https:\/\/rdnews.al\/index.php\/wp-json\/wp\/v2\/posts\/116138\/revisions"}],"predecessor-version":[{"id":116141,"href":"https:\/\/rdnews.al\/index.php\/wp-json\/wp\/v2\/posts\/116138\/revisions\/116141"}],"wp:featuredmedia":[{"embeddable":true,"href":"https:\/\/rdnews.al\/index.php\/wp-json\/wp\/v2\/media\/116139"}],"wp:attachment":[{"href":"https:\/\/rdnews.al\/index.php\/wp-json\/wp\/v2\/media?parent=116138"}],"wp:term":[{"taxonomy":"category","embeddable":true,"href":"https:\/\/rdnews.al\/index.php\/wp-json\/wp\/v2\/categories?post=116138"},{"taxonomy":"post_tag","embeddable":true,"href":"https:\/\/rdnews.al\/index.php\/wp-json\/wp\/v2\/tags?post=116138"}],"curies":[{"name":"wp","href":"https:\/\/api.w.org\/{rel}","templated":true}]}}