{"id":11621,"date":"2022-05-09T09:30:16","date_gmt":"2022-05-09T09:30:16","guid":{"rendered":"https:\/\/rdnews.al\/?p=11621"},"modified":"2022-05-09T09:30:16","modified_gmt":"2022-05-09T09:30:16","slug":"sherbimet-e-fundit-te-palacove-te-rames","status":"publish","type":"post","link":"https:\/\/rdnews.al\/index.php\/2022\/05\/09\/sherbimet-e-fundit-te-palacove-te-rames\/","title":{"rendered":"Sh\u00ebrbimet e fundit t\u00eb pala\u00e7ove t\u00eb Ram\u00ebs"},"content":{"rendered":"<p>N\/kryetari i grupit t\u00eb PD, Ervin Salianji akuzon Enkelejd Alibeajn se po vazhdon me rrug\u00ebn e vjet\u00ebr t\u00eb Lulzim Bash\u00ebs, politik\u00ebn e faktit t\u00eb kryer, pasi publikoi draftin e q\u00ebndrimit p\u00ebr kriteret q\u00eb duhet t\u00eb ket\u00eb Presidenti i ri, pa i diskutuar me Kryesin\u00eb e Grupit Parlamentar.<\/p>\n<p>Ai i k\u00ebrkoi Alibeajt q\u00eb t\u00eb heq\u00eb dor\u00eb nga kjo praktik\u00eb, teksa m\u00ebngjesin e sot\u00ebm d\u00ebshtoi mbledhja e Kryesis\u00eb s\u00eb Grupit t\u00eb PD-s\u00eb.<\/p>\n<p><em>\u201cNuk ka pasur mbledhje t\u00eb Kryesis\u00eb s\u00eb Grupit t\u00eb PD-s\u00eb. Rregullorja p\u00ebrcakton se kryesia e grupit p\u00ebrb\u00ebhet nga kryesia e vog\u00ebl e grupit dhe kryetar\u00ebt dhe n\/ kryetar\u00ebt e komisioneve. Nuk ka kuorum dhe nuk ka mbledhje.<\/em><\/p>\n<p><em>Drafti p\u00ebr Presidentin? Dua ta besoj se \u00ebsht\u00eb naivitet politik. T\u00eb thuash q\u00eb kandidati p\u00ebr president nuk duhet t\u00eb ket\u00eb qen\u00eb i angazhuar n\u00eb politik\u00eb n\u00eb 5 vitet e fundit, \u00ebsht\u00eb t\u2019i shkosh pas Ram\u00ebs. Se k\u00ebt\u00eb e tha Rama n\u00eb parlament. Presidenti duhet t\u00eb jet\u00eb politik. Institucioni nuk \u00ebsht\u00eb p\u00ebr t\u00eb pasur pensionim t\u00eb mbar\u00eb. Kritere qesharake.<\/em><\/p>\n<p>Ka nj\u00eb hile, q\u00eb cdo her\u00eb q\u00eb ka nj\u00eb mbledhje t\u00eb grupit, ka pasur mbledhje t\u00eb p\u00ebrjavshme t\u00eb kryesis\u00eb s\u00eb grupit dhe para se dokumentet t\u00eb b\u00ebhen publike diskutohen nj\u00ebher\u00eb. Me ecjen me politik\u00ebn e faktit t\u00eb kryer, u ndam\u00eb. Nj\u00eb person nuk mund t\u00eb diktoj\u00eb axhend\u00ebn e grupit.<\/p>\n<p>Nuk ka draft t\u00eb grupit. Nuk ka pasur mbledhje. \u00cbsht\u00eb nj\u00eb dokument i dal\u00eb me t\u00eb nj\u00ebjt\u00ebn m\u00ebnyr\u00eb dhe stil deri n\u00eb 7 mars, kur iu k\u00ebrkua dor\u00ebheqja. Nuk mund t\u00eb vazhdohet me t\u00eb nj\u00ebjt\u00ebn frym\u00eb dhe model\u201d tha ai. M\u00eb pas Ervin Salianji akuzoi qeverin\u00eb p\u00ebr nj\u00eb tjet\u00ebr vjedhje sipas tij, fondin e ri p\u00ebr rrug\u00ebn Kor\u00e7\u00eb-Ersek\u00eb.<\/p>\n","protected":false},"excerpt":{"rendered":"<p>N\/kryetari i grupit t\u00eb PD, Ervin Salianji akuzon Enkelejd Alibeajn se po vazhdon me rrug\u00ebn e vjet\u00ebr t\u00eb Lulzim Bash\u00ebs, politik\u00ebn e faktit t\u00eb kryer, pasi publikoi draftin e q\u00ebndrimit p\u00ebr kriteret q\u00eb duhet t\u00eb ket\u00eb Presidenti i ri, pa i diskutuar me Kryesin\u00eb e Grupit Parlamentar. Ai i k\u00ebrkoi Alibeajt q\u00eb t\u00eb heq\u00eb dor\u00eb &hellip;<\/p>\n","protected":false},"author":4,"featured_media":0,"comment_status":"open","ping_status":"open","sticky":false,"template":"","format":"standard","meta":{"footnotes":""},"categories":[37],"tags":[],"class_list":["post-11621","post","type-post","status-publish","format-standard","","category-politike"],"_links":{"self":[{"href":"https:\/\/rdnews.al\/index.php\/wp-json\/wp\/v2\/posts\/11621","targetHints":{"allow":["GET"]}}],"collection":[{"href":"https:\/\/rdnews.al\/index.php\/wp-json\/wp\/v2\/posts"}],"about":[{"href":"https:\/\/rdnews.al\/index.php\/wp-json\/wp\/v2\/types\/post"}],"author":[{"embeddable":true,"href":"https:\/\/rdnews.al\/index.php\/wp-json\/wp\/v2\/users\/4"}],"replies":[{"embeddable":true,"href":"https:\/\/rdnews.al\/index.php\/wp-json\/wp\/v2\/comments?post=11621"}],"version-history":[{"count":0,"href":"https:\/\/rdnews.al\/index.php\/wp-json\/wp\/v2\/posts\/11621\/revisions"}],"wp:attachment":[{"href":"https:\/\/rdnews.al\/index.php\/wp-json\/wp\/v2\/media?parent=11621"}],"wp:term":[{"taxonomy":"category","embeddable":true,"href":"https:\/\/rdnews.al\/index.php\/wp-json\/wp\/v2\/categories?post=11621"},{"taxonomy":"post_tag","embeddable":true,"href":"https:\/\/rdnews.al\/index.php\/wp-json\/wp\/v2\/tags?post=11621"}],"curies":[{"name":"wp","href":"https:\/\/api.w.org\/{rel}","templated":true}]}}