{"id":116210,"date":"2025-06-10T11:00:18","date_gmt":"2025-06-10T11:00:18","guid":{"rendered":"https:\/\/rdnews.al\/?p=116210"},"modified":"2025-06-10T11:00:18","modified_gmt":"2025-06-10T11:00:18","slug":"berisha-1-minut-heshtje-per-bujar-bukoshin-dha-nje-kontribut-te-madh-ne-ceshtjen-e-kosoves-dhe-ne-ceshtjen-shqiptare","status":"publish","type":"post","link":"https:\/\/rdnews.al\/index.php\/2025\/06\/10\/berisha-1-minut-heshtje-per-bujar-bukoshin-dha-nje-kontribut-te-madh-ne-ceshtjen-e-kosoves-dhe-ne-ceshtjen-shqiptare\/","title":{"rendered":"Berisha 1 minut heshtje p\u00ebr Bujar Bukoshin: Dha nj\u00eb kontribut t\u00eb madh n\u00eb \u00e7\u00ebshtjen e Kosov\u00ebs dhe n\u00eb \u00e7\u00ebshtjen shqiptare"},"content":{"rendered":"<p>Kryetari i Partis\u00eb Demokratike, Sali Berisha ka mbajtur 1 minut\u00eb heshtje n\u00eb nder t\u00eb ish-kryeministrit t\u00eb Kosov\u00ebs, Bujar Bukoshin.<\/p>\n<p>Berisha gjat\u00eb konferenc\u00ebs p\u00ebr mediat tha se, Bujar Bukoshi dha nj\u00eb kontribut t\u00eb madh n\u00eb \u00e7\u00ebshtjen e Kosov\u00ebs dhe n\u00eb \u00e7\u00ebshtjen shqiptare.<\/p>\n<p>\u201cNj\u00eb lajm i trisht\u00eb vjen nga Prishtina.<\/p>\n<p>Nj\u00eb personalitet i shquar, nj\u00eb atdhetar i flakt\u00eb, nj\u00eb shtetar i formuar, i p\u00ebrkushtuar, ish-kryeministri i par\u00eb i Republik\u00ebs s\u00eb Kosov\u00ebs, kryeminist\u00ebr i qeveris\u00eb s\u00eb par\u00eb n\u00eb ekzil i Kosov\u00ebs, bashk\u00ebpun\u00ebtori m\u00eb i af\u00ebrt, m\u00eb i ngusht\u00eb i presidentit Rugova, Bujar Bukoshi u nda sot nga jeta.<\/p>\n<p>Bujar Bukoshi dha nj\u00eb kontribut madhor n\u00eb \u00e7\u00ebshtjen komb\u00ebtare. Krahas presidentit Rugova, ai luajti nj\u00eb rol t\u00eb madh, s\u00eb pari n\u00eb organizimin e pushtetit paralel t\u00eb shqiptar\u00ebve t\u00eb shtypur n\u00eb Kosov\u00eb, pushtet i shk\u00ebputi ata p\u00ebrfundimisht nga shteti i pushtuesve.<\/p>\n<p>Por Bujar Bukoshi nj\u00eb intelektual atdhetar, diplomat i aft\u00eb, e p\u00ebrfaq\u00ebsoi Kosov\u00ebn n\u00eb t\u00eb gjitha institucionet dhe kancelarit\u00eb e vendeve t\u00eb lira.<\/p>\n<p>Paraqiti s\u00eb bashku me presidentin Rugova \u00e7\u00ebshtjen e saj dhe mb\u00ebshteti fuqish\u00ebm n\u00eb koh\u00ebn e duhur krijimin e Ushtris\u00eb \u00c7lirimtare t\u00eb Kosov\u00ebs.<\/p>\n<p>Ishte pik\u00ebrisht n\u00ebn udh\u00ebheqjen e presidentit Rugova dhe qeveris\u00eb s\u00eb tij, koha n\u00eb t\u00eb cil\u00ebn nj\u00ebsit\u00eb e para t\u00eb k\u00ebsaj ushtrie u st\u00ebrvit\u00ebn n\u00eb qendra ushtarake t\u00eb ndryshme t\u00eb Shqip\u00ebris\u00eb.<\/p>\n<p>Ministria e Mbrojtjes e k\u00ebsaj qeverie organizoi gjat\u00eb luft\u00ebs forcat e armatosura t\u00eb qeveris\u00eb s\u00eb Kosov\u00ebs, t\u00eb cil\u00ebt luftuan bashk\u00ebrisht n\u00eb beteja t\u00eb ndryshme me nj\u00ebsit\u00eb e U\u00c7K-s\u00eb.<\/p>\n<p>Bujar Bukoshi b\u00ebri gjith\u00e7ka q\u00eb gjat\u00eb luft\u00ebs, U\u00c7K-ja dhe forcat e mbrojtjes t\u00eb qeveris\u00eb s\u00eb Kosov\u00ebs t\u00eb bashk\u00ebrendojn\u00eb veprimet, luftimet.<\/p>\n<p>Pra ai dha nj\u00eb kontribut t\u00eb madh n\u00eb \u00e7\u00ebshtjen e Kosov\u00ebs dhe n\u00eb \u00e7\u00ebshtjen shqiptare.<\/p>\n<p>Me k\u00ebt\u00eb rast un\u00eb i shpreh popullit t\u00eb Kosov\u00ebs, familjes Bukoshi, zonj\u00ebs Bukoshi dhe f\u00ebmij\u00ebve t\u00eb tyre, ngush\u00ebllimet m\u00eb t\u00eb ndjera t\u00eb miat, t\u00eb PD-s\u00eb dhe opozit\u00ebs.<\/p>\n<p>U ftoj t\u00eb mbajm\u00eb nj\u00eb minut\u00eb heshtje n\u00eb nderim t\u00eb k\u00ebtij statisti t\u00eb shquar t\u00eb kombit shqiptar\u201d, tha Berisha.<\/p>\n","protected":false},"excerpt":{"rendered":"<p>Kryetari i Partis\u00eb Demokratike, Sali Berisha ka mbajtur 1 minut\u00eb heshtje n\u00eb nder t\u00eb ish-kryeministrit t\u00eb Kosov\u00ebs, Bujar Bukoshin. Berisha gjat\u00eb konferenc\u00ebs p\u00ebr mediat tha se, Bujar Bukoshi dha nj\u00eb kontribut t\u00eb madh n\u00eb \u00e7\u00ebshtjen e Kosov\u00ebs dhe n\u00eb \u00e7\u00ebshtjen shqiptare. \u201cNj\u00eb lajm i trisht\u00eb vjen nga Prishtina. Nj\u00eb personalitet i shquar, nj\u00eb atdhetar i &hellip;<\/p>\n","protected":false},"author":4,"featured_media":116183,"comment_status":"closed","ping_status":"closed","sticky":false,"template":"","format":"standard","meta":{"footnotes":""},"categories":[37],"tags":[],"class_list":["post-116210","post","type-post","status-publish","format-standard","has-post-thumbnail","","category-politike"],"_links":{"self":[{"href":"https:\/\/rdnews.al\/index.php\/wp-json\/wp\/v2\/posts\/116210","targetHints":{"allow":["GET"]}}],"collection":[{"href":"https:\/\/rdnews.al\/index.php\/wp-json\/wp\/v2\/posts"}],"about":[{"href":"https:\/\/rdnews.al\/index.php\/wp-json\/wp\/v2\/types\/post"}],"author":[{"embeddable":true,"href":"https:\/\/rdnews.al\/index.php\/wp-json\/wp\/v2\/users\/4"}],"replies":[{"embeddable":true,"href":"https:\/\/rdnews.al\/index.php\/wp-json\/wp\/v2\/comments?post=116210"}],"version-history":[{"count":1,"href":"https:\/\/rdnews.al\/index.php\/wp-json\/wp\/v2\/posts\/116210\/revisions"}],"predecessor-version":[{"id":116211,"href":"https:\/\/rdnews.al\/index.php\/wp-json\/wp\/v2\/posts\/116210\/revisions\/116211"}],"wp:featuredmedia":[{"embeddable":true,"href":"https:\/\/rdnews.al\/index.php\/wp-json\/wp\/v2\/media\/116183"}],"wp:attachment":[{"href":"https:\/\/rdnews.al\/index.php\/wp-json\/wp\/v2\/media?parent=116210"}],"wp:term":[{"taxonomy":"category","embeddable":true,"href":"https:\/\/rdnews.al\/index.php\/wp-json\/wp\/v2\/categories?post=116210"},{"taxonomy":"post_tag","embeddable":true,"href":"https:\/\/rdnews.al\/index.php\/wp-json\/wp\/v2\/tags?post=116210"}],"curies":[{"name":"wp","href":"https:\/\/api.w.org\/{rel}","templated":true}]}}