{"id":116233,"date":"2025-06-10T11:32:32","date_gmt":"2025-06-10T11:32:32","guid":{"rendered":"https:\/\/rdnews.al\/?p=116233"},"modified":"2025-06-10T11:32:32","modified_gmt":"2025-06-10T11:32:32","slug":"berisha-procesi-i-rinumerimit-behet-vetem-per-hir-te-transparences-dhe-per-asnje-motiv-tjeter","status":"publish","type":"post","link":"https:\/\/rdnews.al\/index.php\/2025\/06\/10\/berisha-procesi-i-rinumerimit-behet-vetem-per-hir-te-transparences-dhe-per-asnje-motiv-tjeter\/","title":{"rendered":"Berisha: Procesi i rinum\u00ebrimit b\u00ebhet vet\u00ebm p\u00ebr hir t\u00eb transparenc\u00ebs dhe p\u00ebr asnj\u00eb motiv tjet\u00ebr"},"content":{"rendered":"<p>Kryetari i Partis\u00eb Demokratike, Sali Berisha tha se, procesi i rinum\u00ebrimit t\u00eb kutive b\u00ebhet p\u00ebr hir t\u00eb transparenc\u00ebs dhe p\u00ebr asnj\u00eb arsye tjet\u00ebr.<\/p>\n<p>\u201cAbsolutisht p\u00ebrve\u00e7 transparenc\u00ebs, asnj\u00eb gj\u00eb tjet\u00ebr.\u00a0Jo!<\/p>\n<p>Un\u00eb, edhe nj\u00ebher\u00eb e sqarova edhe dje, ky proces \u00ebsht\u00eb nis\u00ebm e kandidat\u00ebve t\u00eb ve\u00e7ant\u00eb, t\u00eb cil\u00ebve ligji u ka hequr t\u00eb drejt\u00ebn e mund\u00ebsis\u00eb p\u00ebr t\u2019u konsideruar n\u00eb k\u00ebrkes\u00ebn e tyre dhe PD, p\u00ebr hir t\u00eb transparenc\u00ebs dhe jo p\u00ebr asnj\u00eb motiv tjet\u00ebr, ka vendosur t\u2019i mb\u00ebshtes\u00eb k\u00ebrkesat e tyre.<\/p>\n<p>Sepse PD mb\u00ebshtet \u00e7do k\u00ebrkes\u00eb t\u00eb \u00e7do individi brenda saj apo n\u00eb rastin konkret n\u00eb zgjedhje, q\u00eb k\u00ebrkon t\u00eb rishoh\u00eb votat.<\/p>\n<p>Un\u00eb mbaj nj\u00eb parim, nuk b\u00ebj at\u00eb q\u00eb b\u00ebn ai tjetri q\u00eb nuk\u00a0 lejon kurr\u00eb t\u00eb votohet n\u00eb parti dhe nuk i lejon as t\u00eb num\u00ebroj\u00eb votat.<\/p>\n<p>Un\u00eb nuk e b\u00ebj k\u00ebt\u00eb. Un\u00eb them transparenca dhe k\u00ebrkoj mir\u00ebkuptim nga \u00e7do kandidat t\u00eb mos harroj\u00eb se jemi parti e transparenc\u00ebs.<\/p>\n<p>Nuk merrem fare me \u00e7far\u00eb do paraqesin. Jo!\u201d, tha Berisha.<\/p>\n","protected":false},"excerpt":{"rendered":"<p>Kryetari i Partis\u00eb Demokratike, Sali Berisha tha se, procesi i rinum\u00ebrimit t\u00eb kutive b\u00ebhet p\u00ebr hir t\u00eb transparenc\u00ebs dhe p\u00ebr asnj\u00eb arsye tjet\u00ebr. \u201cAbsolutisht p\u00ebrve\u00e7 transparenc\u00ebs, asnj\u00eb gj\u00eb tjet\u00ebr.\u00a0Jo! Un\u00eb, edhe nj\u00ebher\u00eb e sqarova edhe dje, ky proces \u00ebsht\u00eb nis\u00ebm e kandidat\u00ebve t\u00eb ve\u00e7ant\u00eb, t\u00eb cil\u00ebve ligji u ka hequr t\u00eb drejt\u00ebn e mund\u00ebsis\u00eb p\u00ebr &hellip;<\/p>\n","protected":false},"author":4,"featured_media":116229,"comment_status":"closed","ping_status":"closed","sticky":false,"template":"","format":"standard","meta":{"footnotes":""},"categories":[37],"tags":[],"class_list":["post-116233","post","type-post","status-publish","format-standard","has-post-thumbnail","","category-politike"],"_links":{"self":[{"href":"https:\/\/rdnews.al\/index.php\/wp-json\/wp\/v2\/posts\/116233","targetHints":{"allow":["GET"]}}],"collection":[{"href":"https:\/\/rdnews.al\/index.php\/wp-json\/wp\/v2\/posts"}],"about":[{"href":"https:\/\/rdnews.al\/index.php\/wp-json\/wp\/v2\/types\/post"}],"author":[{"embeddable":true,"href":"https:\/\/rdnews.al\/index.php\/wp-json\/wp\/v2\/users\/4"}],"replies":[{"embeddable":true,"href":"https:\/\/rdnews.al\/index.php\/wp-json\/wp\/v2\/comments?post=116233"}],"version-history":[{"count":1,"href":"https:\/\/rdnews.al\/index.php\/wp-json\/wp\/v2\/posts\/116233\/revisions"}],"predecessor-version":[{"id":116234,"href":"https:\/\/rdnews.al\/index.php\/wp-json\/wp\/v2\/posts\/116233\/revisions\/116234"}],"wp:featuredmedia":[{"embeddable":true,"href":"https:\/\/rdnews.al\/index.php\/wp-json\/wp\/v2\/media\/116229"}],"wp:attachment":[{"href":"https:\/\/rdnews.al\/index.php\/wp-json\/wp\/v2\/media?parent=116233"}],"wp:term":[{"taxonomy":"category","embeddable":true,"href":"https:\/\/rdnews.al\/index.php\/wp-json\/wp\/v2\/categories?post=116233"},{"taxonomy":"post_tag","embeddable":true,"href":"https:\/\/rdnews.al\/index.php\/wp-json\/wp\/v2\/tags?post=116233"}],"curies":[{"name":"wp","href":"https:\/\/api.w.org\/{rel}","templated":true}]}}