{"id":116258,"date":"2025-06-10T16:33:24","date_gmt":"2025-06-10T16:33:24","guid":{"rendered":"https:\/\/rdnews.al\/?p=116258"},"modified":"2025-06-10T16:33:24","modified_gmt":"2025-06-10T16:33:24","slug":"alimehmeti-kodi-zgjedhor-aktual-duhet-hedhur-ne-plehra","status":"publish","type":"post","link":"https:\/\/rdnews.al\/index.php\/2025\/06\/10\/alimehmeti-kodi-zgjedhor-aktual-duhet-hedhur-ne-plehra\/","title":{"rendered":"Alimehmeti: Kodi Zgjedhor aktual duhet hedhur n\u00eb plehra"},"content":{"rendered":"<p>Ilir Alimehmeti, i cili kandidoi nga lista e hapur e PD-s\u00eb, tha se Kodi Zgjedhor aktual duhet hedhur n\u00eb plehra.<\/p>\n<p>Alimehmeti theksoi se rinum\u00ebrimi i votave n\u00eb Tiran\u00eb \u00ebsht\u00eb nj\u00eb precedent pozitiv. Ai shtoi se Sali Berisha e ka mb\u00ebshtetur n\u00eb iniciativ\u00ebn e tij p\u00ebr transparenc\u00eb.<\/p>\n<p>\u201cEnde nuk dim\u00eb t\u00eb num\u00ebrojm\u00eb votat. Rinum\u00ebrimi do t\u00eb ndodh\u00eb. Tani jan\u00eb nj\u00eb s\u00ebr\u00eb procedurash, q\u00eb duhet t\u00eb na b\u00ebhen me dije. \u00cbsht\u00eb precedent pozitiv. Ngel n\u00eb klas\u00eb nj\u00ebher\u00eb dhe hyn s\u00ebrish n\u00eb test dhe shpresojm\u00eb q\u00eb KQZ t\u00eb marr\u00eb nj\u00eb not\u00eb pozitive.<\/p>\n<p>\u00cbsht\u00eb e drejt\u00eb e madhe q\u00eb t\u00eb k\u00ebrkohet transparenc\u00eb e madhe p\u00ebr m\u00ebnyr\u00ebn sesi jan\u00eb b\u00ebr\u00eb zgjedhjet. Berisha na ka mb\u00ebshtetur. F\u00ebmij\u00ebve tan\u00eb duhet t\u2019ju l\u00ebm\u00eb trash\u00ebgimi zgjedhje t\u00eb lira e t\u00eb ndershme. Ky Kod Zgjedhor duhet hedhur n\u00eb plehra. Gara t\u00eb jet\u00eb mes partive dhe jo kandidat\u00ebve t\u00eb s\u00eb nj\u00ebjt\u00ebs parti politike\u201d, tha Alimehmeti per News24.<\/p>\n","protected":false},"excerpt":{"rendered":"<p>Ilir Alimehmeti, i cili kandidoi nga lista e hapur e PD-s\u00eb, tha se Kodi Zgjedhor aktual duhet hedhur n\u00eb plehra. Alimehmeti theksoi se rinum\u00ebrimi i votave n\u00eb Tiran\u00eb \u00ebsht\u00eb nj\u00eb precedent pozitiv. Ai shtoi se Sali Berisha e ka mb\u00ebshtetur n\u00eb iniciativ\u00ebn e tij p\u00ebr transparenc\u00eb. \u201cEnde nuk dim\u00eb t\u00eb num\u00ebrojm\u00eb votat. Rinum\u00ebrimi do t\u00eb &hellip;<\/p>\n","protected":false},"author":4,"featured_media":116259,"comment_status":"closed","ping_status":"closed","sticky":false,"template":"","format":"standard","meta":{"footnotes":""},"categories":[37],"tags":[],"class_list":["post-116258","post","type-post","status-publish","format-standard","has-post-thumbnail","","category-politike"],"_links":{"self":[{"href":"https:\/\/rdnews.al\/index.php\/wp-json\/wp\/v2\/posts\/116258","targetHints":{"allow":["GET"]}}],"collection":[{"href":"https:\/\/rdnews.al\/index.php\/wp-json\/wp\/v2\/posts"}],"about":[{"href":"https:\/\/rdnews.al\/index.php\/wp-json\/wp\/v2\/types\/post"}],"author":[{"embeddable":true,"href":"https:\/\/rdnews.al\/index.php\/wp-json\/wp\/v2\/users\/4"}],"replies":[{"embeddable":true,"href":"https:\/\/rdnews.al\/index.php\/wp-json\/wp\/v2\/comments?post=116258"}],"version-history":[{"count":1,"href":"https:\/\/rdnews.al\/index.php\/wp-json\/wp\/v2\/posts\/116258\/revisions"}],"predecessor-version":[{"id":116260,"href":"https:\/\/rdnews.al\/index.php\/wp-json\/wp\/v2\/posts\/116258\/revisions\/116260"}],"wp:featuredmedia":[{"embeddable":true,"href":"https:\/\/rdnews.al\/index.php\/wp-json\/wp\/v2\/media\/116259"}],"wp:attachment":[{"href":"https:\/\/rdnews.al\/index.php\/wp-json\/wp\/v2\/media?parent=116258"}],"wp:term":[{"taxonomy":"category","embeddable":true,"href":"https:\/\/rdnews.al\/index.php\/wp-json\/wp\/v2\/categories?post=116258"},{"taxonomy":"post_tag","embeddable":true,"href":"https:\/\/rdnews.al\/index.php\/wp-json\/wp\/v2\/tags?post=116258"}],"curies":[{"name":"wp","href":"https:\/\/api.w.org\/{rel}","templated":true}]}}