{"id":116261,"date":"2025-06-10T16:51:35","date_gmt":"2025-06-10T16:51:35","guid":{"rendered":"https:\/\/rdnews.al\/?p=116261"},"modified":"2025-06-10T16:51:35","modified_gmt":"2025-06-10T16:51:35","slug":"gazetari-irena-gjoka-ka-dhe-nje-tjeter-veper-penale-ne-itali-qe-nuk-e-ka-deklaruar","status":"publish","type":"post","link":"https:\/\/rdnews.al\/index.php\/2025\/06\/10\/gazetari-irena-gjoka-ka-dhe-nje-tjeter-veper-penale-ne-itali-qe-nuk-e-ka-deklaruar\/","title":{"rendered":"Gazetari: Irena Gjoka ka dhe nj\u00eb tjet\u00ebr vep\u00ebr penale n\u00eb Itali, q\u00eb nuk e ka deklaruar!"},"content":{"rendered":"<p>Gazetari Basir \u00c7ollaku gjat\u00eb bised\u00ebs n\u00eb \u2018Task Force\u2019 n\u00eb SYRI TV ka deklaruar se, gjyqtarja Irena Gjoka ka dhe nj\u00eb tjet\u00ebr vep\u00ebr penale, por k\u00ebt\u00eb her\u00eb n\u00eb Itali.<\/p>\n<p>Sipas \u00c7ollakut, nd\u00ebrkoh\u00eb q\u00eb asaj i ndalohej t\u00eb udh\u00ebtonte drejt BE-s\u00eb, p\u00ebr shkak t\u00eb vendimit t\u00eb gjykat\u00ebs greke, q\u00eb i ndalonte l\u00ebvizjen, ajo ka shkuar n\u00eb Milano n\u00eb vitin 2004 dhe ka lindur djalin.<\/p>\n<p>\u00c7ollaku u shpreh se, p\u00ebr k\u00ebt\u00eb vep\u00ebr penale ekzistojn\u00eb prova t\u00eb qarta.<\/p>\n<p>\u201cUn\u00eb shoh di\u00e7ka tjet\u00ebr. Ne kemi shkuar n\u00eb binar\u00ebt e IrenSistemit.<\/p>\n<p>\u00c7far\u00eb \u00ebsht\u00eb IrenSistemi. Kemi marr\u00eb nj\u00eb njeri me mediokritet t\u00eb theksuar, me probleme n\u00eb t\u00eb shkuar\u00ebn q\u00eb kan\u00eb t\u00eb b\u00ebjn\u00eb me telashe e vepr\u00ebs penale. Mosdeklarime, mashtrime, g\u00ebnjeshtra t\u00eb cilat jan\u00eb provuar tashm\u00eb, si ajo e Greqis\u00eb, \u00ebsht\u00eb dhe ajo e Italis\u00eb.<\/p>\n<p>Gjat\u00eb regjimit kur ajo nuk duhej t\u00eb dilte n\u00eb vendet e BE-s\u00eb, kishte regjim ndalimi nga vendimi i d\u00ebbimit t\u00eb marr\u00eb nga drejt\u00ebsia greke, ka qen\u00eb n\u00eb Itali ku ka lindur dhe djalin n\u00eb 2004, pas 2002.<\/p>\n<p>Pra ka dhe nj\u00eb vep\u00ebr tjet\u00ebr t\u00eb padeklaruar, por t\u00eb konsumuar si shkelje.<\/p>\n<p>E kemi nxjerr\u00eb dhe certefikat\u00ebn e lindjes n\u00eb Milano. Ka qen\u00eb n\u00eb detyr\u00eb n\u00eb Gjykat\u00ebn e Fierit n\u00eb at\u00eb koh\u00eb.<\/p>\n<p>Por \u00e7far\u00eb ka provuar \u00e7\u00ebshtja Irena?<\/p>\n<p>Un\u00eb them ka rr\u00ebzuar reform\u00ebn. Ka shembur vetingun. Pse? T\u00eb treja kriteret e rivler\u00ebsimit t\u00eb subjektit t\u00eb gjykat\u00ebsit, si jan\u00eb kriteret profesionale, morale dhe pasurore, sepse ka probleme jan\u00eb rr\u00ebzuar nga vetingu publik.<\/p>\n<p>Dhe vetingu publik ka shembur versionet e KPK-s\u00eb dhe KPA-s\u00eb dhe tregon edhe pafuqin\u00eb p\u00ebr t\u00eb vepruar t\u00eb ILD-s\u00eb dhe Prokuroris\u00eb s\u00eb P\u00ebrgjithshme t\u00eb cil\u00ebs i duhen dy vite p\u00ebr t\u00eb marr\u00eb nj\u00eb shkres\u00eb n\u00eb Greqi.<\/p>\n<p>P\u00ebr mua k\u00ebta duhet t\u00eb jen\u00eb n\u00eb ndjekje penale p\u00ebr mos veprim\u201d,\u00a0tha Basir \u00c7ollaku n\u00eb SYRI TV.<\/p>\n","protected":false},"excerpt":{"rendered":"<p>Gazetari Basir \u00c7ollaku gjat\u00eb bised\u00ebs n\u00eb \u2018Task Force\u2019 n\u00eb SYRI TV ka deklaruar se, gjyqtarja Irena Gjoka ka dhe nj\u00eb tjet\u00ebr vep\u00ebr penale, por k\u00ebt\u00eb her\u00eb n\u00eb Itali. Sipas \u00c7ollakut, nd\u00ebrkoh\u00eb q\u00eb asaj i ndalohej t\u00eb udh\u00ebtonte drejt BE-s\u00eb, p\u00ebr shkak t\u00eb vendimit t\u00eb gjykat\u00ebs greke, q\u00eb i ndalonte l\u00ebvizjen, ajo ka shkuar n\u00eb Milano &hellip;<\/p>\n","protected":false},"author":4,"featured_media":61715,"comment_status":"closed","ping_status":"closed","sticky":false,"template":"","format":"standard","meta":{"footnotes":""},"categories":[37],"tags":[],"class_list":["post-116261","post","type-post","status-publish","format-standard","has-post-thumbnail","","category-politike"],"_links":{"self":[{"href":"https:\/\/rdnews.al\/index.php\/wp-json\/wp\/v2\/posts\/116261","targetHints":{"allow":["GET"]}}],"collection":[{"href":"https:\/\/rdnews.al\/index.php\/wp-json\/wp\/v2\/posts"}],"about":[{"href":"https:\/\/rdnews.al\/index.php\/wp-json\/wp\/v2\/types\/post"}],"author":[{"embeddable":true,"href":"https:\/\/rdnews.al\/index.php\/wp-json\/wp\/v2\/users\/4"}],"replies":[{"embeddable":true,"href":"https:\/\/rdnews.al\/index.php\/wp-json\/wp\/v2\/comments?post=116261"}],"version-history":[{"count":1,"href":"https:\/\/rdnews.al\/index.php\/wp-json\/wp\/v2\/posts\/116261\/revisions"}],"predecessor-version":[{"id":116262,"href":"https:\/\/rdnews.al\/index.php\/wp-json\/wp\/v2\/posts\/116261\/revisions\/116262"}],"wp:featuredmedia":[{"embeddable":true,"href":"https:\/\/rdnews.al\/index.php\/wp-json\/wp\/v2\/media\/61715"}],"wp:attachment":[{"href":"https:\/\/rdnews.al\/index.php\/wp-json\/wp\/v2\/media?parent=116261"}],"wp:term":[{"taxonomy":"category","embeddable":true,"href":"https:\/\/rdnews.al\/index.php\/wp-json\/wp\/v2\/categories?post=116261"},{"taxonomy":"post_tag","embeddable":true,"href":"https:\/\/rdnews.al\/index.php\/wp-json\/wp\/v2\/tags?post=116261"}],"curies":[{"name":"wp","href":"https:\/\/api.w.org\/{rel}","templated":true}]}}