{"id":116263,"date":"2025-06-10T16:56:19","date_gmt":"2025-06-10T16:56:19","guid":{"rendered":"https:\/\/rdnews.al\/?p=116263"},"modified":"2025-06-10T16:56:19","modified_gmt":"2025-06-10T16:56:19","slug":"ambasada-e-shba-publikon-mesazhin-e-sekretarit-rubio-jemi-te-palekundur-per-ti-dhene-fund-emigracionit-te-paligjshem","status":"publish","type":"post","link":"https:\/\/rdnews.al\/index.php\/2025\/06\/10\/ambasada-e-shba-publikon-mesazhin-e-sekretarit-rubio-jemi-te-palekundur-per-ti-dhene-fund-emigracionit-te-paligjshem\/","title":{"rendered":"Ambasada e SHBA publikon mesazhin e Sekretarit Rubio: Jemi t\u00eb pal\u00ebkundur p\u00ebr t\u2019i dh\u00ebn\u00eb fund emigracionit t\u00eb paligjsh\u00ebm"},"content":{"rendered":"<p>Ambasada e Shteteve t\u00eb Bashkuara n\u00eb Tiran\u00eb ka postuar n\u00eb rrjetet sociale nj\u00eb mesazh t\u00eb sekretarit t\u00eb Shtetit, Marco Rubio p\u00ebr q\u00ebndrimin e pal\u00ebkundur t\u00eb qeveris\u00eb amerikane ndaj emigracionit t\u00eb paligjsh\u00ebm dhe siguris\u00eb komb\u00ebtare.<\/p>\n<p>Sipas tij, dy zonat e reja t\u00eb Mbrojtjes Komb\u00ebtare p\u00ebrgjat\u00eb kufirit jugor dhe aplikimi i standardeve t\u00eb rrepta t\u00eb verifikimit p\u00ebr aplikant\u00ebt p\u00ebr viza jan\u00eb hapa ky\u00e7 n\u00eb ruajtjen e siguris\u00eb s\u00eb brendshme dhe publike t\u00eb vendit.<\/p>\n<p><em>\u201cSi\u00e7 ka th\u00ebn\u00eb Sekretari Rubio: \u201cNe jemi t\u00eb pal\u00ebkundur n\u00eb p\u00ebrkushtimin ton\u00eb p\u00ebr t\u2019i dh\u00ebn\u00eb fund emigracionit t\u00eb paligjsh\u00ebm dhe p\u00ebr t\u00eb forcuar sigurin\u00eb kufitare t\u00eb Amerik\u00ebs.\u201d Dy Zonat e reja t\u00eb Mbrojtjes Komb\u00ebtare p\u00ebrgjat\u00eb kufirit jugor t\u00eb Shteteve t\u00eb Bashkuara dhe standardet e forta t\u00eb verifikimit p\u00ebr aplikant\u00ebt p\u00ebr viza jan\u00eb shembuj se si po ruajm\u00eb standardet m\u00eb t\u00eb larta t\u00eb siguris\u00eb komb\u00ebtare dhe publike.<\/em>\u201c-mesazhi i shp\u00ebrndar\u00eb i Ambasad\u00ebs Amerikane.<\/p>\n<div class=\"kodiim\" data-mce-contenteditable=\"false\"><iframe loading=\"lazy\" src=\"https:\/\/www.facebook.com\/plugins\/post.php?href=https%3A%2F%2Fwww.facebook.com%2Ftravelgov%2Fposts%2Fpfbid0FvQrpTEr2ijLLzX8qaCgZetdwUijrQiNoGNeM7byXFEJspHGcCLXt7PwTEG8CLrAl&amp;show_text=true&amp;width=500\" width=\"500\" height=\"668\" frameborder=\"0\" scrolling=\"no\" allowfullscreen=\"allowfullscreen\" data-mce-fragment=\"1\"><\/iframe><\/div>\n","protected":false},"excerpt":{"rendered":"<p>Ambasada e Shteteve t\u00eb Bashkuara n\u00eb Tiran\u00eb ka postuar n\u00eb rrjetet sociale nj\u00eb mesazh t\u00eb sekretarit t\u00eb Shtetit, Marco Rubio p\u00ebr q\u00ebndrimin e pal\u00ebkundur t\u00eb qeveris\u00eb amerikane ndaj emigracionit t\u00eb paligjsh\u00ebm dhe siguris\u00eb komb\u00ebtare. Sipas tij, dy zonat e reja t\u00eb Mbrojtjes Komb\u00ebtare p\u00ebrgjat\u00eb kufirit jugor dhe aplikimi i standardeve t\u00eb rrepta t\u00eb verifikimit p\u00ebr &hellip;<\/p>\n","protected":false},"author":4,"featured_media":95608,"comment_status":"closed","ping_status":"closed","sticky":false,"template":"","format":"standard","meta":{"footnotes":""},"categories":[37],"tags":[],"class_list":["post-116263","post","type-post","status-publish","format-standard","has-post-thumbnail","","category-politike"],"_links":{"self":[{"href":"https:\/\/rdnews.al\/index.php\/wp-json\/wp\/v2\/posts\/116263","targetHints":{"allow":["GET"]}}],"collection":[{"href":"https:\/\/rdnews.al\/index.php\/wp-json\/wp\/v2\/posts"}],"about":[{"href":"https:\/\/rdnews.al\/index.php\/wp-json\/wp\/v2\/types\/post"}],"author":[{"embeddable":true,"href":"https:\/\/rdnews.al\/index.php\/wp-json\/wp\/v2\/users\/4"}],"replies":[{"embeddable":true,"href":"https:\/\/rdnews.al\/index.php\/wp-json\/wp\/v2\/comments?post=116263"}],"version-history":[{"count":1,"href":"https:\/\/rdnews.al\/index.php\/wp-json\/wp\/v2\/posts\/116263\/revisions"}],"predecessor-version":[{"id":116265,"href":"https:\/\/rdnews.al\/index.php\/wp-json\/wp\/v2\/posts\/116263\/revisions\/116265"}],"wp:featuredmedia":[{"embeddable":true,"href":"https:\/\/rdnews.al\/index.php\/wp-json\/wp\/v2\/media\/95608"}],"wp:attachment":[{"href":"https:\/\/rdnews.al\/index.php\/wp-json\/wp\/v2\/media?parent=116263"}],"wp:term":[{"taxonomy":"category","embeddable":true,"href":"https:\/\/rdnews.al\/index.php\/wp-json\/wp\/v2\/categories?post=116263"},{"taxonomy":"post_tag","embeddable":true,"href":"https:\/\/rdnews.al\/index.php\/wp-json\/wp\/v2\/tags?post=116263"}],"curies":[{"name":"wp","href":"https:\/\/api.w.org\/{rel}","templated":true}]}}