{"id":116266,"date":"2025-06-10T18:30:05","date_gmt":"2025-06-10T18:30:05","guid":{"rendered":"https:\/\/rdnews.al\/?p=116266"},"modified":"2025-06-10T18:30:05","modified_gmt":"2025-06-10T18:30:05","slug":"padia-e-irena-gjokes-gjokutaj-berishes-nuk-mund-ti-besh-presion","status":"publish","type":"post","link":"https:\/\/rdnews.al\/index.php\/2025\/06\/10\/padia-e-irena-gjokes-gjokutaj-berishes-nuk-mund-ti-besh-presion\/","title":{"rendered":"Padia e Irena Gjok\u00ebs\/ Gjokutaj: Berish\u00ebs nuk mund t\u2019i b\u00ebsh presion!"},"content":{"rendered":"<p>Kryetari i Partis\u00eb Demokratike Sali Berisha u paraqit sot n\u00eb SPAK p\u00ebr t\u00eb d\u00ebshmuar pasi \u00ebsht\u00eb paditur p\u00ebr shpifje nga gjyqtaren Irena Gjjoka.<\/p>\n<p>Avokati i Berish\u00ebs, Genc Gjokutaj tha se gjyqtares me tre mbiemra iu caktua dosja \u201cPartizani\u201d me detyrim dhe jo me short.<\/p>\n<p>Avokati tha se padia e Irena Gjok\u00ebs p\u00ebr fyerje \u00ebsht\u00eb tentativ\u00eb p\u00ebr ti b\u00ebr\u00eb presion liderit t\u00eb PD-s\u00eb por koha ka v\u00ebrtetuar se Berish\u00ebs nuk mund ti b\u00ebsh presion dhe se \u00e7do denoncim q\u00eb ka b\u00ebr\u00eb \u00ebsht\u00eb v\u00ebrtetuar i v\u00ebrtet\u00eb.<\/p>\n<p>\u201cBerisha ka anatemuar gjyqtaren me 3 mbiemra Maneku, Shpata, Gjoka, p\u00ebr t\u00eb gjitha shkeljet q\u00eb me vet\u00ebdije ka kryer q\u00eb kur e ka prekur n\u00eb at\u00eb dosje. Veprimi i par\u00eb ka qen\u00eb q\u00eb nuk e kaloi n\u00eb parlament dhe pas disa muajsh ra dakord dhe Kushtetuesja. K\u00ebtu \u00ebsht\u00eb b\u00ebr\u00eb nj\u00eb plan masash. Nuk ka mund\u00ebsi t\u00eb verbohen dhe bllokohen 4 institucione. Kushtetuesja luajti mendsh se nuk quajti 1\/5 e deputet\u00ebve. KLP, ILD, KLGj\u2026 t\u00eb gjith\u00eb memec\u00eb.<\/p>\n<p>Berisha nuk \u00ebsht\u00eb autori i lajmit, \u00ebsht\u00eb p\u00ebrcjell\u00ebsi i saj. Ka detyrimin si lider i opozit\u00ebs t\u00eb informoj\u00eb qytetar\u00ebt<\/p>\n<p>K\u00ebtu kan\u00eb adoptuar standardit e opozit\u00ebs me leje. Irena ka b\u00ebr\u00eb kall\u00ebzim ndaj zotit Berisha e s\u00eb bij\u00ebs, Malltezi p\u00ebr fyerje t\u00eb gjyqtarit<\/p>\n<p>U b\u00eb mbi nj\u00eb vit q\u00eb kemi k\u00ebrkuar zyr\u00ebs s\u00eb prokurorit t\u00eb p\u00ebrgjithsh\u00ebm t\u00eb b\u00ebnte verifikimin e d\u00ebnimit t\u00eb Iren\u00ebs, administrativ dhe penal dhe ende nuk e kemi nd\u00ebrsa p\u00ebr Fredi Belerin u mor p\u00ebr 10 dit\u00eb.<\/p>\n<p>Pse ndodh kjo?<\/p>\n<p>Sepse ke KLGJ, ILD.. \u00c7\u00ebshtja Berisha hoqi jorganin e drejt\u00ebsis\u00eb e i nxori lakuriq. K\u00ebta jan\u00eb t\u00eb gith\u00eb n\u00eb bashk\u00ebpunim.<\/p>\n<p>K\u00ebta jan\u00eb ca kok\u00ebfort\u00eb q\u00eb akoma nuk e kan\u00eb kuptuar q\u00eb Berish\u00ebs nuk mund ti b\u00ebsh presion me k\u00ebt\u00eb lloj \u00e7\u00ebshtjeje. Duan t\u00eb merren me nj\u00eb fyerje. Po \u00e7far\u00eb do t\u00eb nxjerr\u00ebsh p\u00ebr k\u00ebt\u00eb? Pasi fakti p\u00ebr t\u00eb cil\u00ebn Berisha ka folur \u00ebsht\u00eb i v\u00ebrtet\u00eb, dhe do t\u00eb djeg\u00eb duart e atij q\u00eb ka dosjen. Berisha nuk g\u00ebnjen.<\/p>\n<p>N\u00eb gusht ka ndodhur akti i fyerjes por Irena e ka ndjer\u00eb n\u00eb n\u00ebntor. 4 muaj nuk ka qen\u00eb e fyer.<\/p>\n<p>Pse?<\/p>\n<p>Sepse n\u00eb fund t\u00eb tetorit jan\u00eb mbyllur hetimet, dhe kjo pa pasur detyr\u00eb t\u00eb mos e dor\u00ebzonte dosjen. N\u00eb momentin q\u00eb n\u00eb gusht do t\u00eb b\u00ebnte kall\u00ebzim ndaj Berish\u00ebs, kall\u00ebzuesja nuk do t\u00eb vazhdonte m\u00eb gjyqin ndaj t\u00eb kall\u00ebzuarit. Ky \u00ebsht\u00eb dokumentimi m\u00eb i qart\u00eb i faktit se dosja nuk \u00ebsht\u00eb marr\u00eb me short, por \u00ebsht\u00eb marr\u00eb me caktim, deri n\u00eb material shtr\u00ebngues q\u00eb ka pasur p\u00ebr k\u00ebt\u00eb. K\u00ebto jan\u00eb veprime antiligjore dhe krijojn\u00eb dyshime p\u00ebr gjendjen psikoemocionale\u201c, tha Gjokutaj per Syri<\/p>\n","protected":false},"excerpt":{"rendered":"<p>Kryetari i Partis\u00eb Demokratike Sali Berisha u paraqit sot n\u00eb SPAK p\u00ebr t\u00eb d\u00ebshmuar pasi \u00ebsht\u00eb paditur p\u00ebr shpifje nga gjyqtaren Irena Gjjoka. Avokati i Berish\u00ebs, Genc Gjokutaj tha se gjyqtares me tre mbiemra iu caktua dosja \u201cPartizani\u201d me detyrim dhe jo me short. Avokati tha se padia e Irena Gjok\u00ebs p\u00ebr fyerje \u00ebsht\u00eb tentativ\u00eb &hellip;<\/p>\n","protected":false},"author":4,"featured_media":63110,"comment_status":"closed","ping_status":"closed","sticky":false,"template":"","format":"standard","meta":{"footnotes":""},"categories":[37],"tags":[],"class_list":["post-116266","post","type-post","status-publish","format-standard","has-post-thumbnail","","category-politike"],"_links":{"self":[{"href":"https:\/\/rdnews.al\/index.php\/wp-json\/wp\/v2\/posts\/116266","targetHints":{"allow":["GET"]}}],"collection":[{"href":"https:\/\/rdnews.al\/index.php\/wp-json\/wp\/v2\/posts"}],"about":[{"href":"https:\/\/rdnews.al\/index.php\/wp-json\/wp\/v2\/types\/post"}],"author":[{"embeddable":true,"href":"https:\/\/rdnews.al\/index.php\/wp-json\/wp\/v2\/users\/4"}],"replies":[{"embeddable":true,"href":"https:\/\/rdnews.al\/index.php\/wp-json\/wp\/v2\/comments?post=116266"}],"version-history":[{"count":1,"href":"https:\/\/rdnews.al\/index.php\/wp-json\/wp\/v2\/posts\/116266\/revisions"}],"predecessor-version":[{"id":116267,"href":"https:\/\/rdnews.al\/index.php\/wp-json\/wp\/v2\/posts\/116266\/revisions\/116267"}],"wp:featuredmedia":[{"embeddable":true,"href":"https:\/\/rdnews.al\/index.php\/wp-json\/wp\/v2\/media\/63110"}],"wp:attachment":[{"href":"https:\/\/rdnews.al\/index.php\/wp-json\/wp\/v2\/media?parent=116266"}],"wp:term":[{"taxonomy":"category","embeddable":true,"href":"https:\/\/rdnews.al\/index.php\/wp-json\/wp\/v2\/categories?post=116266"},{"taxonomy":"post_tag","embeddable":true,"href":"https:\/\/rdnews.al\/index.php\/wp-json\/wp\/v2\/tags?post=116266"}],"curies":[{"name":"wp","href":"https:\/\/api.w.org\/{rel}","templated":true}]}}