{"id":116305,"date":"2025-06-11T10:49:26","date_gmt":"2025-06-11T10:49:26","guid":{"rendered":"https:\/\/rdnews.al\/?p=116305"},"modified":"2025-06-11T10:49:26","modified_gmt":"2025-06-11T10:49:26","slug":"berisha-te-gjitha-strukturat-e-pd-jane-te-angazhuara-ne-identifikimin-verifikimin-dhe-certifikimin-e-farses-elektorale","status":"publish","type":"post","link":"https:\/\/rdnews.al\/index.php\/2025\/06\/11\/berisha-te-gjitha-strukturat-e-pd-jane-te-angazhuara-ne-identifikimin-verifikimin-dhe-certifikimin-e-farses-elektorale\/","title":{"rendered":"Berisha: T\u00eb gjitha strukturat e PD jan\u00eb t\u00eb angazhuara n\u00eb identifikimin, verifikimin dhe certifikimin e fars\u00ebs elektorale"},"content":{"rendered":"<p>Kryetari i PD, Sali Berisha deklaroi se t\u00eb gjitha strukturat e Partis\u00eb Demokratike jan\u00eb t\u00eb angazhuara n\u00eb identifikimin, verifikimin dhe certifikimin e asaj q\u00eb ai e cil\u00ebson si &#8220;fars\u00eb elektorale&#8221;.<\/p>\n<p>Gjat\u00eb konferenc\u00ebs me gazetar\u00ebt, Berisha akuzoi qeverin\u00eb dhe kreun e SPAK, Altin Troplini, p\u00ebr manipulim t\u00eb zgjedhjeve dhe p\u00ebr p\u00ebrdorim t\u00eb propagand\u00ebs p\u00ebr t\u00eb fshehur t\u00eb v\u00ebrtet\u00ebn.<\/p>\n<p>\u201cPo kush ia sjell kryetarit k\u00ebto? I mbijn\u00eb nga qielli?<\/p>\n<p>T\u00eb gjitha strukturat e PD jan\u00eb t\u00eb angazhuara n\u00eb identifikimin, n\u00eb verifikimin dhe certifikimin e fars\u00ebs elektorale.<\/p>\n<p>Natyrisht, si\u00e7 e keni konstatuar edhe ju, nj\u00eb mal gjigant propagande mashtrimi \u00ebsht\u00eb ngritur me q\u00ebllimin e vet\u00ebm q\u00eb t\u00eb mbuloj\u00eb fars\u00ebn elektorale, por gjith\u00e7ka po shkrihet si bryma para diellit, si bora para diellit, nga k\u00ebto fakte t\u00eb p\u00ebrditshme q\u00eb flasin dhe akuzojn\u00eb Edi Ram\u00ebn dhe Altin Troplinin m\u00eb shum\u00eb se gjith\u00e7ka tjet\u00ebr.<\/p>\n<p>Pra, kjo q\u00eb po ndodh k\u00ebtu \u00ebsht\u00eb nj\u00eb p\u00ebrgjigje ndaj trillimeve, mashtrimeve, dezinformimeve q\u00eb pseudointelektual\u00eb, mercenar\u00eb t\u00eb paguar nga krimi, t\u00eb lidhur me krimin edhe n\u00eb t\u00eb shkuar\u00ebn e tyre m\u00eb t\u00eb larg\u00ebt, p\u00ebrpiqen \u00e7do dit\u00eb t\u00eb sfumojn\u00eb, p\u00ebrpiqen \u00e7do dit\u00eb t\u00eb mbrojn\u00eb fars\u00ebn elektorale t\u00eb Edi Ram\u00ebs dhe t\u00eb faj\u00ebsojn\u00eb opozit\u00ebn si p\u00ebrgjegj\u00ebse p\u00ebr fars\u00ebn.<\/p>\n<p>Nuk ka amoralitet mediatik m\u00eb t\u00eb madh se ky.<\/p>\n<p>Imagjinoni k\u00ebta njer\u00ebz se si zhvishen. K\u00ebta jan\u00eb pengje t\u00eb t\u00eb shkuar\u00ebs dhe t\u00eb vetes s\u00eb tyre q\u00eb detyrohen t\u00eb marrin pjes\u00eb n\u00eb nj\u00eb fushat\u00eb t\u00eb till\u00eb avokatie t\u00eb krimit m\u00eb t\u00eb madh elektoral q\u00eb ka ndodhur n\u00eb Europ\u00eb pas r\u00ebnies s\u00eb Perdes s\u00eb Hekurt.<\/p>\n<p>Ju e mor\u00ebt vesh q\u00eb Edi Rama me shtet\u00ebrimin e vot\u00ebs s\u00eb diaspor\u00ebs, u afrua dhe vet\u00ebm dy pik\u00eb e ndajn\u00eb nga Asadi. N\u00eb Fier ishte 93 p\u00ebrqind Rama, 95 p\u00ebrqind ishte Asadi para se t\u00eb merrte avionin.<\/p>\n<p>K\u00ebshtu q\u00eb k\u00ebtu \u00ebsht\u00eb K\u00ebshilli Komb\u00ebtar, an\u00ebtar\u00ebsia e PD, k\u00ebtu jan\u00eb 600 mij\u00eb qytetar\u00eb q\u00eb nuk votuan Edi Ram\u00ebn, jan\u00eb n\u00eb k\u00ebt\u00eb gjyq publik q\u00eb i b\u00ebhet fars\u00ebs elektorale\u201d, tha Berisha.<\/p>\n","protected":false},"excerpt":{"rendered":"<p>Kryetari i PD, Sali Berisha deklaroi se t\u00eb gjitha strukturat e Partis\u00eb Demokratike jan\u00eb t\u00eb angazhuara n\u00eb identifikimin, verifikimin dhe certifikimin e asaj q\u00eb ai e cil\u00ebson si &#8220;fars\u00eb elektorale&#8221;. Gjat\u00eb konferenc\u00ebs me gazetar\u00ebt, Berisha akuzoi qeverin\u00eb dhe kreun e SPAK, Altin Troplini, p\u00ebr manipulim t\u00eb zgjedhjeve dhe p\u00ebr p\u00ebrdorim t\u00eb propagand\u00ebs p\u00ebr t\u00eb fshehur &hellip;<\/p>\n","protected":false},"author":4,"featured_media":116306,"comment_status":"closed","ping_status":"closed","sticky":false,"template":"","format":"standard","meta":{"footnotes":""},"categories":[37],"tags":[],"class_list":["post-116305","post","type-post","status-publish","format-standard","has-post-thumbnail","","category-politike"],"_links":{"self":[{"href":"https:\/\/rdnews.al\/index.php\/wp-json\/wp\/v2\/posts\/116305","targetHints":{"allow":["GET"]}}],"collection":[{"href":"https:\/\/rdnews.al\/index.php\/wp-json\/wp\/v2\/posts"}],"about":[{"href":"https:\/\/rdnews.al\/index.php\/wp-json\/wp\/v2\/types\/post"}],"author":[{"embeddable":true,"href":"https:\/\/rdnews.al\/index.php\/wp-json\/wp\/v2\/users\/4"}],"replies":[{"embeddable":true,"href":"https:\/\/rdnews.al\/index.php\/wp-json\/wp\/v2\/comments?post=116305"}],"version-history":[{"count":1,"href":"https:\/\/rdnews.al\/index.php\/wp-json\/wp\/v2\/posts\/116305\/revisions"}],"predecessor-version":[{"id":116307,"href":"https:\/\/rdnews.al\/index.php\/wp-json\/wp\/v2\/posts\/116305\/revisions\/116307"}],"wp:featuredmedia":[{"embeddable":true,"href":"https:\/\/rdnews.al\/index.php\/wp-json\/wp\/v2\/media\/116306"}],"wp:attachment":[{"href":"https:\/\/rdnews.al\/index.php\/wp-json\/wp\/v2\/media?parent=116305"}],"wp:term":[{"taxonomy":"category","embeddable":true,"href":"https:\/\/rdnews.al\/index.php\/wp-json\/wp\/v2\/categories?post=116305"},{"taxonomy":"post_tag","embeddable":true,"href":"https:\/\/rdnews.al\/index.php\/wp-json\/wp\/v2\/tags?post=116305"}],"curies":[{"name":"wp","href":"https:\/\/api.w.org\/{rel}","templated":true}]}}