{"id":116308,"date":"2025-06-11T10:54:36","date_gmt":"2025-06-11T10:54:36","guid":{"rendered":"https:\/\/rdnews.al\/?p=116308"},"modified":"2025-06-11T10:55:16","modified_gmt":"2025-06-11T10:55:16","slug":"masakra-elektorale-me-kartat-e-identitetit-berisha-keto-krime-elektorale-mbrohen-nga-altin-troplini","status":"publish","type":"post","link":"https:\/\/rdnews.al\/index.php\/2025\/06\/11\/masakra-elektorale-me-kartat-e-identitetit-berisha-keto-krime-elektorale-mbrohen-nga-altin-troplini\/","title":{"rendered":"Masakra elektorale me kartat e identitetit\/ Berisha: K\u00ebto krime zgjedhore mbrohen nga Altin Troplini!"},"content":{"rendered":"<p>Kreu i Partis\u00eb Demokratike, Sali Berisha, n\u00eb nj\u00eb konferenc\u00eb p\u00ebr shtyp, ka akuzuar ashp\u00ebr institucionet shtet\u00ebrore p\u00ebr mosveprim ndaj asaj q\u00eb ai e quajti \u201ckrim elektoral flagrant\u201d. Ai publikoi s\u00ebrish\u00a0pamje t\u00eb disa kartave t\u00eb identitetit t\u00eb hedhura p\u00ebrtok\u00eb n\u00eb zon\u00ebn e Petrel\u00ebs, t\u00eb cilat, jan\u00eb prova t\u00eb manipulimeve t\u00eb ndodhura gjat\u00eb procesit t\u00eb votimit.<\/p>\n<p>Berisha tha se, k\u00ebto jan\u00eb karta identiteti t\u00eb gjetura n\u00eb Petrel\u00eb, t\u00eb hedhura dit\u00ebn e votimeve. Jan\u00eb me fotografi, me num\u00ebr dhe me t\u00eb gjith\u00eb element\u00ebt e nj\u00eb karte zyrtare.<\/p>\n<p>\u201cPra, k\u00ebto jan\u00eb karta identiteti t\u00eb gjetura n\u00eb Petrel\u00eb. K\u00ebto jan\u00eb karta identitetit t\u00eb hedhur p\u00ebrtok\u00eb n\u00eb Petrel\u00eb dit\u00ebn e votimeve.<\/p>\n<p>K\u00ebto jan\u00eb me fotografi, jan\u00eb me num\u00ebr, jan\u00eb me t\u00eb gjth\u00eb element\u00ebt e nj\u00eb karte identiteti.<\/p>\n<p>K\u00ebta persona jan\u00eb p\u00ebrjashtuar nga votimi ose me kartat e tyre kan\u00eb votuar t\u00eb tjer\u00ebt.\u00a0Por t\u00eb gjitha k\u00ebto krime mbrohen nga Altin Troplini, kjo \u00ebsht\u00eb e v\u00ebrteta.<\/p>\n<p>Besoj se k\u00ebto dy d\u00ebshmi tregojn\u00eb se proporcionet e p\u00ebrdorimit t\u00eb kartave si element\u00eb p\u00ebr t\u00eb privuar, p\u00ebr t\u00eb mohuar t\u00eb drejt\u00ebn e votimit.<\/p>\n<p>Ja ku jan\u00eb p\u00ebrtok\u00eb dokumentet e identitetit, asnj\u00eb konkluzion, asnj\u00eb q\u00ebndrim Skapi i partis\u00eb, Altin Troplini me kompanin\u00eb e tij\u201d, tha Berisha.<\/p>\n","protected":false},"excerpt":{"rendered":"<p>Kreu i Partis\u00eb Demokratike, Sali Berisha, n\u00eb nj\u00eb konferenc\u00eb p\u00ebr shtyp, ka akuzuar ashp\u00ebr institucionet shtet\u00ebrore p\u00ebr mosveprim ndaj asaj q\u00eb ai e quajti \u201ckrim elektoral flagrant\u201d. Ai publikoi s\u00ebrish\u00a0pamje t\u00eb disa kartave t\u00eb identitetit t\u00eb hedhura p\u00ebrtok\u00eb n\u00eb zon\u00ebn e Petrel\u00ebs, t\u00eb cilat, jan\u00eb prova t\u00eb manipulimeve t\u00eb ndodhura gjat\u00eb procesit t\u00eb votimit. Berisha &hellip;<\/p>\n","protected":false},"author":4,"featured_media":116309,"comment_status":"closed","ping_status":"closed","sticky":false,"template":"","format":"standard","meta":{"footnotes":""},"categories":[37],"tags":[],"class_list":["post-116308","post","type-post","status-publish","format-standard","has-post-thumbnail","","category-politike"],"_links":{"self":[{"href":"https:\/\/rdnews.al\/index.php\/wp-json\/wp\/v2\/posts\/116308","targetHints":{"allow":["GET"]}}],"collection":[{"href":"https:\/\/rdnews.al\/index.php\/wp-json\/wp\/v2\/posts"}],"about":[{"href":"https:\/\/rdnews.al\/index.php\/wp-json\/wp\/v2\/types\/post"}],"author":[{"embeddable":true,"href":"https:\/\/rdnews.al\/index.php\/wp-json\/wp\/v2\/users\/4"}],"replies":[{"embeddable":true,"href":"https:\/\/rdnews.al\/index.php\/wp-json\/wp\/v2\/comments?post=116308"}],"version-history":[{"count":2,"href":"https:\/\/rdnews.al\/index.php\/wp-json\/wp\/v2\/posts\/116308\/revisions"}],"predecessor-version":[{"id":116311,"href":"https:\/\/rdnews.al\/index.php\/wp-json\/wp\/v2\/posts\/116308\/revisions\/116311"}],"wp:featuredmedia":[{"embeddable":true,"href":"https:\/\/rdnews.al\/index.php\/wp-json\/wp\/v2\/media\/116309"}],"wp:attachment":[{"href":"https:\/\/rdnews.al\/index.php\/wp-json\/wp\/v2\/media?parent=116308"}],"wp:term":[{"taxonomy":"category","embeddable":true,"href":"https:\/\/rdnews.al\/index.php\/wp-json\/wp\/v2\/categories?post=116308"},{"taxonomy":"post_tag","embeddable":true,"href":"https:\/\/rdnews.al\/index.php\/wp-json\/wp\/v2\/tags?post=116308"}],"curies":[{"name":"wp","href":"https:\/\/api.w.org\/{rel}","templated":true}]}}