{"id":116341,"date":"2025-06-11T13:22:43","date_gmt":"2025-06-11T13:22:43","guid":{"rendered":"https:\/\/rdnews.al\/?p=116341"},"modified":"2025-06-11T13:22:43","modified_gmt":"2025-06-11T13:22:43","slug":"represioni-i-regjimit-masa-te-reja-kufizuese-ne-qeli-per-meten-pas-denoncimit-ne-media","status":"publish","type":"post","link":"https:\/\/rdnews.al\/index.php\/2025\/06\/11\/represioni-i-regjimit-masa-te-reja-kufizuese-ne-qeli-per-meten-pas-denoncimit-ne-media\/","title":{"rendered":"Represioni i regjimit\/Masa t\u00eb reja kufizuese n\u00eb qeli p\u00ebr Met\u00ebn pas denoncimit ne media"},"content":{"rendered":"<p>Pas telefonat\u00ebs s\u00eb drejtp\u00ebrdrejt\u00eb n\u00eb Ora News dhe gazetaren Beti Njuma, \u00ebsht\u00eb d\u00ebnuar presidenti i Partis\u00eb s\u00eb Liris\u00eb, Ilir Meta.<\/p>\n<p>M\u00ebsohet se Komisioni i Disiplin\u00ebs i mbledhur sot d\u00ebnoi Met\u00ebn me 10 dit\u00eb ndalim t\u00eb aktivitetit sportiv p\u00ebr k\u00ebt\u00eb veprim.<\/p>\n<p>Presidenti i PL, Ilir Meta ka zhvilluar nj\u00eb telefonat\u00eb liv\u00eb n\u00eb studion e lajmeve n\u00eb Ora News me moderatoren Beti Njuma.<\/p>\n<p>Meta u shpreh se prokuroria nuk ka prova ndaj tij dhe se u rr\u00ebmbye pa asnj\u00eb let\u00ebr policie.<\/p>\n<p>&nbsp;<\/p>\n<p><strong>Denoncimi i Met\u00ebs<\/strong><\/p>\n<p>&nbsp;<\/p>\n<p>Jam rr\u00ebmbyer pas asnj\u00eb let\u00ebr policie.<\/p>\n<p>Pas asnj\u00eb prezantim se kush ishin ata kriminel\u00eb.<\/p>\n<div id=\"1749495783971\" class=\"related-list\" data-mce-contenteditable=\"false\"><\/div>\n<div class=\"insertion-box\">\n<div class=\"inset\">\n<div class=\"reklame\">Ai operacion nuk nis aty ku shikoni ju nga makina ime, ai operacion kishte gjys\u00ebm ore q\u00eb b\u00ebhej ishin bllokuar gjith\u00eb makinat.<\/div>\n<\/div>\n<\/div>\n<p>Terrorizonin njer\u00ebzit dhe ne nuk po kuptonim se \u00e7far\u00eb po ndodhte.<\/p>\n<p>Dhe pastaj m\u00eb e bukura \u00ebsht\u00eb se prapa meje ishte makina private ku m\u00eb fut\u00ebn mua.<\/p>\n<p>Kjo \u00ebsht\u00eb drejt\u00ebsi me regji t\u00eb mir\u00ebfillt\u00eb politike dhe kriminale.<\/p>\n<p>Si e gjykoni ju, \u00ebsht\u00eb rast\u00ebsi q\u00eb sot gjykohet gjoja Apeli l\u00eb n\u00eb burg Veliajn\u00a0 dhe n\u00ebser mbylleshin zyrtarisht hetimet e mia dhe mua k\u00ebto m\u00eb kan\u00eb marr\u00eb gjoja edhe t\u00eb pandehur para pak dit\u00ebsh, u zgjat\u00ebn prap hetimet.<\/p>\n<p>P\u00ebr \u00e7a zgjaten?<\/p>\n<p>K\u00ebta kan\u00eb 6 vjet q\u00eb m\u00eb hetojn\u00eb mua me firm\u00ebn e Altin Dumanit.<\/p>\n<p>\u00cbsht\u00eb p\u00ebrgjegj\u00ebsi e SPAK rr\u00ebmbimi im. Ne n\u00eb Strasburg do i fitojm\u00eb t\u00eb gjitha \u00e7\u00ebshtjet.<\/p>\n","protected":false},"excerpt":{"rendered":"<p>Pas telefonat\u00ebs s\u00eb drejtp\u00ebrdrejt\u00eb n\u00eb Ora News dhe gazetaren Beti Njuma, \u00ebsht\u00eb d\u00ebnuar presidenti i Partis\u00eb s\u00eb Liris\u00eb, Ilir Meta. M\u00ebsohet se Komisioni i Disiplin\u00ebs i mbledhur sot d\u00ebnoi Met\u00ebn me 10 dit\u00eb ndalim t\u00eb aktivitetit sportiv p\u00ebr k\u00ebt\u00eb veprim. Presidenti i PL, Ilir Meta ka zhvilluar nj\u00eb telefonat\u00eb liv\u00eb n\u00eb studion e lajmeve n\u00eb &hellip;<\/p>\n","protected":false},"author":3,"featured_media":116342,"comment_status":"closed","ping_status":"closed","sticky":false,"template":"","format":"standard","meta":{"footnotes":""},"categories":[37],"tags":[],"class_list":["post-116341","post","type-post","status-publish","format-standard","has-post-thumbnail","","category-politike"],"_links":{"self":[{"href":"https:\/\/rdnews.al\/index.php\/wp-json\/wp\/v2\/posts\/116341","targetHints":{"allow":["GET"]}}],"collection":[{"href":"https:\/\/rdnews.al\/index.php\/wp-json\/wp\/v2\/posts"}],"about":[{"href":"https:\/\/rdnews.al\/index.php\/wp-json\/wp\/v2\/types\/post"}],"author":[{"embeddable":true,"href":"https:\/\/rdnews.al\/index.php\/wp-json\/wp\/v2\/users\/3"}],"replies":[{"embeddable":true,"href":"https:\/\/rdnews.al\/index.php\/wp-json\/wp\/v2\/comments?post=116341"}],"version-history":[{"count":1,"href":"https:\/\/rdnews.al\/index.php\/wp-json\/wp\/v2\/posts\/116341\/revisions"}],"predecessor-version":[{"id":116343,"href":"https:\/\/rdnews.al\/index.php\/wp-json\/wp\/v2\/posts\/116341\/revisions\/116343"}],"wp:featuredmedia":[{"embeddable":true,"href":"https:\/\/rdnews.al\/index.php\/wp-json\/wp\/v2\/media\/116342"}],"wp:attachment":[{"href":"https:\/\/rdnews.al\/index.php\/wp-json\/wp\/v2\/media?parent=116341"}],"wp:term":[{"taxonomy":"category","embeddable":true,"href":"https:\/\/rdnews.al\/index.php\/wp-json\/wp\/v2\/categories?post=116341"},{"taxonomy":"post_tag","embeddable":true,"href":"https:\/\/rdnews.al\/index.php\/wp-json\/wp\/v2\/tags?post=116341"}],"curies":[{"name":"wp","href":"https:\/\/api.w.org\/{rel}","templated":true}]}}