{"id":116364,"date":"2025-06-11T21:11:11","date_gmt":"2025-06-11T21:11:11","guid":{"rendered":"https:\/\/rdnews.al\/?p=116364"},"modified":"2025-06-11T21:11:11","modified_gmt":"2025-06-11T21:11:11","slug":"zelensky-nuk-ftoi-kosoven-ne-samitin-e-europes-juglindore-vucic-e-falenderon-spiropali-ne-rresht","status":"publish","type":"post","link":"https:\/\/rdnews.al\/index.php\/2025\/06\/11\/zelensky-nuk-ftoi-kosoven-ne-samitin-e-europes-juglindore-vucic-e-falenderon-spiropali-ne-rresht\/","title":{"rendered":"Zelensky nuk ftoi Kosov\u00ebn n\u00eb Samitin e Europ\u00ebs Juglindore, Vu\u00e7i\u00e7 e falenderon, Spiropali n\u00eb rresht"},"content":{"rendered":"<p><strong>N\u00eb Samitin e Ukrain\u00eb \u2013 Evrop\u00eb Juglindore n\u00eb Odesa, Presidenti serb Aleksand\u00ebr Vu\u00e7iq nuk e ka l\u00ebn\u00eb pa p\u00ebrmendur Kosov\u00ebn, duke u shprehur i k\u00ebnaqur q\u00eb nuk pati asnj\u00eb p\u00ebrfaq\u00ebsues nga Prishtina.<\/strong><\/p>\n<p>Vu\u00e7iq, n\u00eb nj\u00eb prononcim p\u00ebr mediat serbe, e vler\u00ebsoi si t\u00eb suksessh\u00ebm takimin e tij n\u00eb k\u00ebt\u00eb samit, duke theksuar se Presidenti i Ukrain\u00ebs, Volodymyr Zelensky, pati respektuar plot\u00ebsisht Kart\u00ebn e Kombeve t\u00eb Bashkuara dhe integritetin territorial t\u00eb Serbis\u00eb. Ai gjithashtu vler\u00ebsoi faktin q\u00eb nuk kishte asnj\u00eb p\u00ebrfaq\u00ebsues t\u00eb Prishtin\u00ebs n\u00eb samit.<\/p>\n<p>\u201cKy \u00ebsht\u00eb nj\u00eb gjest i madh ndaj vendit ton\u00eb,\u201d tha Vu\u00e7iq, duke shtuar se Serbia do ta vler\u00ebsoj\u00eb k\u00ebt\u00eb akt.<\/p>\n<p>Ai po ashtu e p\u00ebrmendi k\u00ebt\u00eb ngjarje si her\u00ebn e kat\u00ebrt q\u00eb merr pjes\u00eb n\u00eb k\u00ebt\u00eb samit dhe her\u00ebn e par\u00eb q\u00eb po e b\u00ebn n\u00eb territorin ukrainas.<\/p>\n<p>N\u00eb lidhje me nj\u00eb \u00e7\u00ebshtje tjet\u00ebr t\u00eb r\u00ebnd\u00ebsishme, Vu\u00e7i\u00e7 sqaroi se ai nuk ka firmosur deklarat\u00ebn e p\u00ebrbashk\u00ebt t\u00eb Samitit q\u00eb d\u00ebnonte Rusin\u00eb. Ai theksoi se kjo nuk ishte nj\u00eb deklarat\u00eb e leht\u00eb p\u00ebr Serbin\u00eb dhe se p\u00ebr k\u00ebt\u00eb arsye ka abstenuar nga firmosja e saj.<\/p>\n<div class=\"adds__image mt-3 mb-3\"><ins id=\"revive-0-2\" data-revive-zoneid=\"20\" data-revive-id=\"c2fed3e4361f158a5f99e0aa345b1985\" data-revive-seq=\"2\" data-revive-loaded=\"1\"><\/p>\n<div id=\"beacon_3fe224c409\">\u201cDeklarata q\u00eb u miratua nuk ishte e leht\u00eb dhe p\u00ebr k\u00ebt\u00eb arsye emri im dhe ai i Serbis\u00eb nuk jan\u00eb midis n\u00ebnshkruesve t\u00eb saj,\u201d tha Vu\u00e7iq, duke shtuar se ai nuk d\u00ebshironte t\u00eb kryente nj\u00eb akt tradhtie ndaj Rusis\u00eb.<\/div>\n<p><\/ins><\/div>\n","protected":false},"excerpt":{"rendered":"<p>N\u00eb Samitin e Ukrain\u00eb \u2013 Evrop\u00eb Juglindore n\u00eb Odesa, Presidenti serb Aleksand\u00ebr Vu\u00e7iq nuk e ka l\u00ebn\u00eb pa p\u00ebrmendur Kosov\u00ebn, duke u shprehur i k\u00ebnaqur q\u00eb nuk pati asnj\u00eb p\u00ebrfaq\u00ebsues nga Prishtina. Vu\u00e7iq, n\u00eb nj\u00eb prononcim p\u00ebr mediat serbe, e vler\u00ebsoi si t\u00eb suksessh\u00ebm takimin e tij n\u00eb k\u00ebt\u00eb samit, duke theksuar se Presidenti i &hellip;<\/p>\n","protected":false},"author":3,"featured_media":116365,"comment_status":"closed","ping_status":"closed","sticky":false,"template":"","format":"standard","meta":{"footnotes":""},"categories":[38],"tags":[],"class_list":["post-116364","post","type-post","status-publish","format-standard","has-post-thumbnail","","category-bota"],"_links":{"self":[{"href":"https:\/\/rdnews.al\/index.php\/wp-json\/wp\/v2\/posts\/116364","targetHints":{"allow":["GET"]}}],"collection":[{"href":"https:\/\/rdnews.al\/index.php\/wp-json\/wp\/v2\/posts"}],"about":[{"href":"https:\/\/rdnews.al\/index.php\/wp-json\/wp\/v2\/types\/post"}],"author":[{"embeddable":true,"href":"https:\/\/rdnews.al\/index.php\/wp-json\/wp\/v2\/users\/3"}],"replies":[{"embeddable":true,"href":"https:\/\/rdnews.al\/index.php\/wp-json\/wp\/v2\/comments?post=116364"}],"version-history":[{"count":1,"href":"https:\/\/rdnews.al\/index.php\/wp-json\/wp\/v2\/posts\/116364\/revisions"}],"predecessor-version":[{"id":116366,"href":"https:\/\/rdnews.al\/index.php\/wp-json\/wp\/v2\/posts\/116364\/revisions\/116366"}],"wp:featuredmedia":[{"embeddable":true,"href":"https:\/\/rdnews.al\/index.php\/wp-json\/wp\/v2\/media\/116365"}],"wp:attachment":[{"href":"https:\/\/rdnews.al\/index.php\/wp-json\/wp\/v2\/media?parent=116364"}],"wp:term":[{"taxonomy":"category","embeddable":true,"href":"https:\/\/rdnews.al\/index.php\/wp-json\/wp\/v2\/categories?post=116364"},{"taxonomy":"post_tag","embeddable":true,"href":"https:\/\/rdnews.al\/index.php\/wp-json\/wp\/v2\/tags?post=116364"}],"curies":[{"name":"wp","href":"https:\/\/api.w.org\/{rel}","templated":true}]}}