{"id":116367,"date":"2025-06-11T21:17:33","date_gmt":"2025-06-11T21:17:33","guid":{"rendered":"https:\/\/rdnews.al\/?p=116367"},"modified":"2025-06-11T21:17:33","modified_gmt":"2025-06-11T21:17:33","slug":"kosova-pranon-te-strehoje-perkohesisht-50-shtetas-te-vendeve-te-treta-ne-kuader-te-marreveshjes-me-shba-ne","status":"publish","type":"post","link":"https:\/\/rdnews.al\/index.php\/2025\/06\/11\/kosova-pranon-te-strehoje-perkohesisht-50-shtetas-te-vendeve-te-treta-ne-kuader-te-marreveshjes-me-shba-ne\/","title":{"rendered":"Kosova pranon t\u00eb strehoj\u00eb p\u00ebrkoh\u00ebsisht 50 shtetas t\u00eb vendeve t\u00eb treta n\u00eb kuad\u00ebr t\u00eb marr\u00ebveshjes me SHBA-n\u00eb"},"content":{"rendered":"<p>Qeveria n\u00eb detyr\u00eb e Kosov\u00ebs ka vendosur q\u00eb t\u00eb ofroj\u00eb mbrojtje t\u00eb p\u00ebrkohshme p\u00ebr 50 persona nga shtetet e treta, n\u00eb kuad\u00ebr t\u00eb bashk\u00ebpunimit me Shtetet e Bashkuara.<\/p>\n<p>&#8220;Personat subjekt t\u00eb k\u00ebtij vendimi, gjat\u00eb koh\u00ebs s\u00eb q\u00ebndrimit n\u00eb Republik\u00ebn e Kosov\u00ebs, do t\u00eb veprojn\u00eb n\u00eb p\u00ebrputhje me legjislacionin n\u00eb fuqi dhe do t\u00eb g\u00ebzojn\u00eb t\u00eb drejtat e p\u00ebrcaktuara me legjislacionin n\u00eb fuqi&#8221;, njoftoi ekzekutivi n\u00eb detyr\u00eb, pasi mbajti nj\u00eb mbledhje elektronike m\u00eb 11 qershor.<\/p>\n<p>Kryeministri n\u00eb detyr\u00eb i Kosov\u00ebs, Albin Kurti, tha se q\u00ebndrimi i deri n\u00eb 50 personave n\u00eb vend \u2013 t\u00eb cil\u00ebt m\u00eb pas do t\u00eb kthehen n\u00eb vendet e tyre t\u00eb origjin\u00ebs \u2013 do t\u00eb menaxhohet dhe koordinohet nga Ministra e Pun\u00ebve t\u00eb Brendshme.<\/p>\n<p>P\u00ebrmes nj\u00eb postimi n\u00eb X, pas marrjes s\u00eb k\u00ebtij vendimi, Kurti shtoi se autoritetet kosovare do t\u00eb punojn\u00eb \u201cn\u00eb bashk\u00ebpunim t\u00eb ngusht\u00eb me autoritetet p\u00ebrkat\u00ebse amerikane gjat\u00eb gjith\u00eb procesit\u201d.<\/p>\n<p>M\u00eb her\u00ebt gjat\u00eb s\u00eb m\u00ebrkur\u00ebs, z\u00ebdh\u00ebn\u00ebsi i ekzekutivit n\u00eb detyr\u00eb t\u00eb Kosov\u00ebs, P\u00ebrparim Kryeziu, kishte konfirmuar p\u00ebr Radion Evropa e Lir\u00eb se Kosova kishte shprehur gatishm\u00ebrin\u00eb p\u00ebr t\u00eb bashk\u00ebpunuar me SHBA-n\u00eb lidhur me pranimin dhe zhvendosjen e p\u00ebrkohshme t\u00eb shtetasve t\u00eb vendeve t\u00eb treta n\u00eb Kosov\u00eb, \u201cn\u00eb p\u00ebrputhje me kushtet e p\u00ebrcaktuara\u201d.<\/p>\n<p>\u201cP\u00ebrgjat\u00eb nj\u00eb periudhe nj\u00ebvje\u00e7are, deri n\u00eb pes\u00ebdhjet\u00eb persona mund t\u00eb zhvendosen p\u00ebrkoh\u00ebsisht, me q\u00ebllim t\u00eb leht\u00ebsimit t\u00eb kthimit t\u00eb tyre t\u00eb sigurt n\u00eb vendin e prejardhjes. Qeveria ka shprehur gatishm\u00ebrin\u00eb q\u00eb t\u00eb angazhohet, me mund\u00ebsin\u00eb p\u00ebr t\u00eb p\u00ebrzgjedhur individ\u00eb nga nj\u00eb list\u00eb e propozuar, p\u00ebr aq sa ata i plot\u00ebsojn\u00eb kriteret e caktuara lidhur me sundimin e ligjit dhe rendin publik\u201d, deklaroi Kryeziu.<\/p>\n<p>Departamenti amerikan i Shtetit (DASH) ka konfirmuar p\u00ebr REL-in m\u00eb 6 qershor se vendet e rajonit t\u00eb Ballkanit jan\u00eb p\u00ebrfshir\u00eb n\u00eb kontaktet brenda nj\u00eb strategjie m\u00eb t\u00eb gjer\u00eb amerikane p\u00ebr d\u00ebbimin e shtetasve t\u00eb huaj pa status t\u00eb rregulluar.<\/p>\n<p>\u201cPartner\u00ebt amerikan\u00eb dhe udh\u00ebheq\u00ebsit rajonal\u00eb po punojn\u00eb ngusht\u00eb me ne p\u00ebr t\u2019i dh\u00ebn\u00eb fund kriz\u00ebs s\u00eb migrimit t\u00eb paligjsh\u00ebm dhe masiv\u201d, theksoi DASH-i, duke shtuar se zbatimi i politik\u00ebs s\u00eb migracionit t\u00eb administrat\u00ebs s\u00eb presidentit Trump, \u00ebsht\u00eb nj\u00eb nga prioritetet kryesore t\u00eb tij.<\/p>\n<p>\u201cLargimi nga SHBA-ja i t\u00eb huajve, p\u00ebr t\u00eb cil\u00ebt ekzistojn\u00eb urdhra p\u00ebrfundimtar\u00eb p\u00ebr d\u00ebbim, si dhe d\u00ebbimi i imigrant\u00ebve t\u00eb paligjsh\u00ebm, i mbron Shtetet e Bashkuara nga terrorist\u00ebt e huaj dhe k\u00ebrc\u00ebnimet e tjera ndaj siguris\u00eb komb\u00ebtare dhe rendit publik\u201d, thuhet n\u00eb p\u00ebrgjigje.<\/p>\n<p>Nga DASH-i theksuan, gjithashtu, se bashk\u00ebpunimi i vazhduesh\u00ebm me qeverit\u00eb e huaja \u00ebsht\u00eb ky\u00e7 p\u00ebr parandalimin e migrimit t\u00eb paligjsh\u00ebm dhe masiv, si dhe p\u00ebr sigurin\u00eb kufitare.<\/p>\n<p>Qeveria n\u00eb detyr\u00eb e Kosov\u00ebs tha se Shtetet e Bashkuara mbeten nj\u00eb aleat i pal\u00ebkundur i Republik\u00ebs s\u00eb Kosov\u00ebs.<\/p>\n<p>\u201cPartneriteti yn\u00eb i nd\u00ebrsjell\u00eb, i nd\u00ebrtuar nd\u00ebr dekada, mb\u00ebshtetet n\u00eb vlera t\u00eb p\u00ebrbashk\u00ebta dhe bashk\u00ebpunim. E vler\u00ebsojm\u00eb lart mb\u00ebshtetjen e tyre, sidomos n\u00eb rrug\u00ebtimin ton\u00eb drejt integrimit n\u00eb institucionet euroatlantike\u201d.<\/p>\n<p>Agjencia e lajmeve Reuters, duke cituar median Bloomberg News, raportoi m\u00eb 5 qershor se administrata e presidentit Trump po ushtron trysni ndaj Serbis\u00eb dhe vendeve t\u00eb tjera t\u00eb Ballkanit q\u00eb t\u2019i pranojn\u00eb migrant\u00ebt e d\u00ebbuar nga Shtetet e Bashkuara.<\/p>\n<p>Muajin e kaluar, Gjykata Supreme e SHBA-s\u00eb i lejoi administrat\u00ebs Trump t\u00eb t\u00ebrheq\u00eb statusin e p\u00ebrkohsh\u00ebm ligjor p\u00ebr qindra mij\u00ebra migrant\u00eb nga Venezuela, Kuba, Haiti dhe Nikaragua, q\u00eb jetojn\u00eb n\u00eb SHBA, duke forcuar k\u00ebshtu p\u00ebrpjekjet e presidentit republikan p\u00ebr shtimin e d\u00ebbimeve.<\/p>\n<p>Sipas Bloomberg-ut, administrata Trump po k\u00ebrkon destinacione t\u00eb mundshme p\u00ebr migrant\u00ebt q\u00eb mund t\u00eb d\u00ebbohen si rezultat i k\u00ebtij vendimi.<\/p>\n<p>Qeveria n\u00eb detyr\u00eb e Kosov\u00ebs m\u00eb 26 maj ka shprehur gatishm\u00ebri p\u00ebr t\u00eb diskutuar edhe me\u00a0<a href=\"https:\/\/www.evropaelire.org\/a\/qeveria-gatshme-te-diskutojne-me-mbreterine-e-bashkuar-per-qendra-migrante\/33424585.html\" target=\"_blank\" rel=\"noopener\"><strong>Mbret\u00ebrin\u00eb e Bashkuar<\/strong><\/a>, propozimin p\u00ebr ngritjen e \u201cqendrave t\u00eb kthimit\u201d n\u00eb Kosov\u00eb p\u00ebr azilk\u00ebrkuesit e refuzuar nga ishulli britanik.<\/p>\n<p>Propozimi p\u00ebr ngritjen e qendrave t\u00eb kthimit \u00ebsht\u00eb pjes\u00eb e nj\u00eb strategjie m\u00eb t\u00eb gjer\u00eb t\u00eb Mbret\u00ebris\u00eb s\u00eb Bashkuar p\u00ebr t\u00eb adresuar numrit n\u00eb rritje t\u00eb migrant\u00ebve q\u00eb mb\u00ebrrijn\u00eb n\u00eb ishullin anglez p\u00ebrmes rrug\u00ebve t\u00eb paligjshme.<\/p>\n<p>Megjithat\u00eb, organizata nd\u00ebrkomb\u00ebtare\u00a0<a href=\"https:\/\/www.evropaelire.org\/a\/hrw-mb-be-sduhet-ta-perdorin-ballkanin-magazine-migrantesh\/33424503.html\" target=\"_blank\" rel=\"noopener\"><strong>Human Rights Watch<\/strong><\/a>\u00a0ka shprehur shqet\u00ebsimin se p\u00ebrdorimi i vendeve t\u00eb Ballkanit si vende prit\u00ebse p\u00ebr migrant\u00ebt mund t\u00eb shkel\u00eb t\u00eb drejtat e tyre dhe t\u00eb krijoj\u00eb sfida t\u00eb reja p\u00ebr vendet prit\u00ebse.<\/p>\n<p>N\u00eb nj\u00eb marr\u00ebveshje t\u00eb ngjashme q\u00eb po ashtu kishte nxitur kritika, n\u00eb vitin 2022, Kosova dhe Danimarka u pajtuan p\u00ebr dh\u00ebnien me qira t\u00eb 300 qelive burgu n\u00eb Institucionin Korrektues n\u00eb Gjilan p\u00ebr t\u00eb strehuar t\u00eb burgosur t\u00eb huaj q\u00eb pritet t\u00eb d\u00ebbohen nga Danimarka pas p\u00ebrfundimit t\u00eb d\u00ebnimit.<\/p>\n<p>N\u00eb k\u00ebmbim, Kosova do t\u00eb p\u00ebrfitoj\u00eb mbi 200 milion\u00eb euro, t\u00eb cilat do t\u00eb investohen n\u00eb Sh\u00ebrbimin Korrektues dhe n\u00eb projekte t\u00eb energjis\u00eb s\u00eb rip\u00ebrt\u00ebritshme.<\/p>\n<p>Kjo marr\u00ebveshje kishte ngjallur reagime nga organizatat nd\u00ebrkomb\u00ebtare dhe shoq\u00ebria civile, t\u00eb cilat kan\u00eb shprehur shqet\u00ebsime p\u00ebr mund\u00ebsin\u00eb e shkeljes s\u00eb t\u00eb drejtave t\u00eb njeriut dhe p\u00ebr sfidat q\u00eb mund t\u00eb sjell\u00eb menaxhimi i t\u00eb burgosurve t\u00eb huaj n\u00eb Kosov\u00eb.<\/p>\n<p>M\u00eb par\u00eb, Kosova kishte strehuar edhe rreth 1.900 shtetas afgan\u00eb, q\u00eb ishin evakuuar nga Afganistani pas rikthimit t\u00eb taliban\u00ebve n\u00eb pushtet n\u00eb vitin 2021.<\/p>\n<p>Pas dy vjet\u00ebsh funksionimi, kampi \u201cLiya\u201d n\u00eb baz\u00ebn ushtarake amerikane Bondsteel n\u00eb Ferizaj ishte mbyllur. Sipas Ministris\u00eb s\u00eb Pun\u00ebve t\u00eb Brendshme t\u00eb Kosov\u00ebs, pjesa m\u00eb e madhe e afgan\u00ebve ishin transferuar tashm\u00eb n\u00eb vendet prit\u00ebse, nd\u00ebrsa nj\u00eb num\u00ebr i vog\u00ebl mbetet ende n\u00eb Kosov\u00eb.<\/p>\n<p>Sipas marr\u00ebveshjes nd\u00ebrmjet Kosov\u00ebs dhe Shteteve t\u00eb Bashkuara, afgan\u00ebt do t\u00eb q\u00ebndronin n\u00eb Kosov\u00eb derisa do t\u00eb kalonin procesin e verifikimit p\u00ebr t\u2019u zhvendosur n\u00eb SHBA, ose n\u00eb ndonj\u00eb vend tjet\u00ebr per\u00ebndimor.\/REL<\/p>\n","protected":false},"excerpt":{"rendered":"<p>Qeveria n\u00eb detyr\u00eb e Kosov\u00ebs ka vendosur q\u00eb t\u00eb ofroj\u00eb mbrojtje t\u00eb p\u00ebrkohshme p\u00ebr 50 persona nga shtetet e treta, n\u00eb kuad\u00ebr t\u00eb bashk\u00ebpunimit me Shtetet e Bashkuara. &#8220;Personat subjekt t\u00eb k\u00ebtij vendimi, gjat\u00eb koh\u00ebs s\u00eb q\u00ebndrimit n\u00eb Republik\u00ebn e Kosov\u00ebs, do t\u00eb veprojn\u00eb n\u00eb p\u00ebrputhje me legjislacionin n\u00eb fuqi dhe do t\u00eb g\u00ebzojn\u00eb t\u00eb &hellip;<\/p>\n","protected":false},"author":3,"featured_media":116368,"comment_status":"closed","ping_status":"closed","sticky":false,"template":"","format":"standard","meta":{"footnotes":""},"categories":[38],"tags":[],"class_list":["post-116367","post","type-post","status-publish","format-standard","has-post-thumbnail","","category-bota"],"_links":{"self":[{"href":"https:\/\/rdnews.al\/index.php\/wp-json\/wp\/v2\/posts\/116367","targetHints":{"allow":["GET"]}}],"collection":[{"href":"https:\/\/rdnews.al\/index.php\/wp-json\/wp\/v2\/posts"}],"about":[{"href":"https:\/\/rdnews.al\/index.php\/wp-json\/wp\/v2\/types\/post"}],"author":[{"embeddable":true,"href":"https:\/\/rdnews.al\/index.php\/wp-json\/wp\/v2\/users\/3"}],"replies":[{"embeddable":true,"href":"https:\/\/rdnews.al\/index.php\/wp-json\/wp\/v2\/comments?post=116367"}],"version-history":[{"count":1,"href":"https:\/\/rdnews.al\/index.php\/wp-json\/wp\/v2\/posts\/116367\/revisions"}],"predecessor-version":[{"id":116369,"href":"https:\/\/rdnews.al\/index.php\/wp-json\/wp\/v2\/posts\/116367\/revisions\/116369"}],"wp:featuredmedia":[{"embeddable":true,"href":"https:\/\/rdnews.al\/index.php\/wp-json\/wp\/v2\/media\/116368"}],"wp:attachment":[{"href":"https:\/\/rdnews.al\/index.php\/wp-json\/wp\/v2\/media?parent=116367"}],"wp:term":[{"taxonomy":"category","embeddable":true,"href":"https:\/\/rdnews.al\/index.php\/wp-json\/wp\/v2\/categories?post=116367"},{"taxonomy":"post_tag","embeddable":true,"href":"https:\/\/rdnews.al\/index.php\/wp-json\/wp\/v2\/tags?post=116367"}],"curies":[{"name":"wp","href":"https:\/\/api.w.org\/{rel}","templated":true}]}}