{"id":116376,"date":"2025-06-12T08:24:34","date_gmt":"2025-06-12T08:24:34","guid":{"rendered":"https:\/\/rdnews.al\/?p=116376"},"modified":"2025-06-12T08:24:34","modified_gmt":"2025-06-12T08:24:34","slug":"qytetari-e-pyet-si-shok-beneti-ia-kthen-si-shoqe","status":"publish","type":"post","link":"https:\/\/rdnews.al\/index.php\/2025\/06\/12\/qytetari-e-pyet-si-shok-beneti-ia-kthen-si-shoqe\/","title":{"rendered":"Qytetari e pyet si \u201cshok\u201d, Beneti ia kthen si \u201cshoqe\u201d!"},"content":{"rendered":"<div id=\"rekl-49\">Drejtuesi politik i Qarkut Shkod\u00ebr, Lu\u00e7iano Bo\u00e7i ka ironizuar nj\u00eb komunikim n\u00eb rrjetet sociale t\u00eb kryebashkiakut t\u00eb Shkodr\u00ebs, Benet Beci me qytetar\u00ebt.<\/div>\n<div class=\"readmore-text-here\">\n<p>N\u00eb postimin e tij n\u00eb Facebook, Bo\u00e7i ka shp\u00ebrndar\u00eb nj\u00eb komunikim t\u00eb thjesht\u00eb, t\u00eb nj\u00eb qytetari me emrin Pllumb, i cili i \u00ebsht\u00eb drejtuar Becit si \u2018shok\u2019 n\u00eb koment, nd\u00ebrkoh\u00eb q\u00eb kryebashkiaku i drejtohet si \u2018shoqe\u2019 n\u00eb fund, medemek po b\u00ebn humor.<\/p>\n<p><strong>Postimi\u00a0<\/strong><\/p>\n<p>QYTETARI E PYET SI \u201cSHOK\u201d BENETI IA KTHEN SI \u201cSHOQE\u201d.<\/p>\n<p>M\u00cb PAS MERR P\u00cbRGJIGJEN EPIKE.<\/p>\n<p>Gegnishtja p\u00ebr fillestar\u00eb\u201d? Fatmir\u00ebsisht nuk ka.<\/p>\n<p>Beneti mendon se \u00e7do gj\u00eb e ka nj\u00eb \u00e7mim. Se \u00e7do gj\u00eb \u00ebsht\u00eb \u201cme t\u00eb bleme, e jo me t\u00eb leme\u201d. Se bashk\u00eb me mandatin e blem\u00eb \u201call inclusive\u201d, mundet me pas edhe gegnishten. E k\u00ebshtu i thot\u00eb Pllumit \u201cshoqe\u201d.\u00a0 Ban sikur po ban humor.\u00a0 Dhe t\u00eb tij\u00ebt, se pse nuk po lidhet Beneti me Shkodr\u00ebn. Si t\u00eb lidhet, kur ai nuk lidh dot as emnin me gjinin\u00eb.\ud83d\udc47\ud83d\udc47\ud83d\udc47<\/p>\n<p>&nbsp;<\/p>\n<div class=\"fotogaleri\">\n<div class=\"bx-wrapper\">\n<div class=\"bx-viewport\">\n<ul class=\"read-slider\">\n<li><a href=\"https:\/\/www.syri.net\/fotogaleria\/795425\/qytetari-e-pyet-si-shok-beneti-ia-kthen-si-shoqe-me-pas-merr-pergjigjen-epike\/\" target=\"_blank\" rel=\"noopener\"><img decoding=\"async\" src=\"https:\/\/www.syri.net\/uploads\/syri.net\/images\/2025\/June\/12\/auto_504267595_1275165413977982_3888701508303186243_n1749713969.jpg\" \/><\/a><\/li>\n<\/ul>\n<\/div>\n<\/div>\n<\/div>\n<\/div>\n","protected":false},"excerpt":{"rendered":"<p>Drejtuesi politik i Qarkut Shkod\u00ebr, Lu\u00e7iano Bo\u00e7i ka ironizuar nj\u00eb komunikim n\u00eb rrjetet sociale t\u00eb kryebashkiakut t\u00eb Shkodr\u00ebs, Benet Beci me qytetar\u00ebt. N\u00eb postimin e tij n\u00eb Facebook, Bo\u00e7i ka shp\u00ebrndar\u00eb nj\u00eb komunikim t\u00eb thjesht\u00eb, t\u00eb nj\u00eb qytetari me emrin Pllumb, i cili i \u00ebsht\u00eb drejtuar Becit si \u2018shok\u2019 n\u00eb koment, nd\u00ebrkoh\u00eb q\u00eb kryebashkiaku i &hellip;<\/p>\n","protected":false},"author":4,"featured_media":114502,"comment_status":"closed","ping_status":"closed","sticky":false,"template":"","format":"standard","meta":{"footnotes":""},"categories":[37],"tags":[],"class_list":["post-116376","post","type-post","status-publish","format-standard","has-post-thumbnail","","category-politike"],"_links":{"self":[{"href":"https:\/\/rdnews.al\/index.php\/wp-json\/wp\/v2\/posts\/116376","targetHints":{"allow":["GET"]}}],"collection":[{"href":"https:\/\/rdnews.al\/index.php\/wp-json\/wp\/v2\/posts"}],"about":[{"href":"https:\/\/rdnews.al\/index.php\/wp-json\/wp\/v2\/types\/post"}],"author":[{"embeddable":true,"href":"https:\/\/rdnews.al\/index.php\/wp-json\/wp\/v2\/users\/4"}],"replies":[{"embeddable":true,"href":"https:\/\/rdnews.al\/index.php\/wp-json\/wp\/v2\/comments?post=116376"}],"version-history":[{"count":1,"href":"https:\/\/rdnews.al\/index.php\/wp-json\/wp\/v2\/posts\/116376\/revisions"}],"predecessor-version":[{"id":116377,"href":"https:\/\/rdnews.al\/index.php\/wp-json\/wp\/v2\/posts\/116376\/revisions\/116377"}],"wp:featuredmedia":[{"embeddable":true,"href":"https:\/\/rdnews.al\/index.php\/wp-json\/wp\/v2\/media\/114502"}],"wp:attachment":[{"href":"https:\/\/rdnews.al\/index.php\/wp-json\/wp\/v2\/media?parent=116376"}],"wp:term":[{"taxonomy":"category","embeddable":true,"href":"https:\/\/rdnews.al\/index.php\/wp-json\/wp\/v2\/categories?post=116376"},{"taxonomy":"post_tag","embeddable":true,"href":"https:\/\/rdnews.al\/index.php\/wp-json\/wp\/v2\/tags?post=116376"}],"curies":[{"name":"wp","href":"https:\/\/api.w.org\/{rel}","templated":true}]}}