{"id":116390,"date":"2025-06-12T09:40:17","date_gmt":"2025-06-12T09:40:17","guid":{"rendered":"https:\/\/rdnews.al\/?p=116390"},"modified":"2025-06-12T09:40:17","modified_gmt":"2025-06-12T09:40:17","slug":"fitorja-e-rradhes-ndaj-pushtuesve-te-tiranes","status":"publish","type":"post","link":"https:\/\/rdnews.al\/index.php\/2025\/06\/12\/fitorja-e-rradhes-ndaj-pushtuesve-te-tiranes\/","title":{"rendered":"Fitorja e rradh\u00ebs ndaj pushtuesve t\u00eb Tiran\u00ebs&#8230;"},"content":{"rendered":"<p><strong>Nga Adriana KALAJA<\/strong><\/p>\n<p>Besoj se t\u00eb gjith\u00eb e mbani m\u00ebnd, sesi mbi 40 pushtues me uniform\u00eb pushteti, iu sul\u00ebn vjet n\u00eb gusht, tend\u00ebs time &#8220;pa leje&#8221;.<\/p>\n<p>Ashtu n\u00eb fakt si iu sul\u00ebn Teatrit Komb\u00ebtar, Unaz\u00ebs s\u00eb Re, Bregut t\u00eb Lumit, 5 Majit, Laprak\u00ebs e kudo ku mafia e betonit kishte interes apo si n\u00eb rastin tim, kisha dal\u00eb kund\u00ebr k\u00ebsaj mafie me akte e ide konkrete.<\/p>\n<p>Sot, ajo q\u00eb po ndodh me kullat pa burim t\u00eb ligjsh\u00ebm financimi, konkurset fake me projektues t\u00eb huaj q\u00eb pastrojn\u00eb parat\u00eb e pista, me q\u00ebllim kryesor shkat\u00ebrrimin e identitetit, historis\u00eb dhe trash\u00ebgimis\u00eb kulturore t\u00eb Tiran\u00ebs, m\u00eb\/na legjitimon e na jep t\u00eb drejt\u00eb n\u00eb t\u00eb gjith\u00eb k\u00ebt\u00eb betej\u00eb p\u00ebr mbrojtjen e saj.<\/p>\n<p>\u00c7far\u00eb i lidh t\u00eb gjitha k\u00ebto q\u00eb p\u00ebrmenda m\u00eb sip\u00ebr?<\/p>\n<p>Urrejtja ndaj \u00e7do gj\u00ebje shqiptare, q\u00eb n\u00eb fakt karakterizon \u00e7do pushtues.<\/p>\n<p>E k\u00ebta, kan\u00eb tejkaluar secilin prej tyre n\u00eb gjith\u00eb historin\u00eb e zymt\u00eb shqiptaro &#8211; ilire.<\/p>\n<p>T\u00eb kthehemi te tenda &#8220;pa leje&#8221;.<\/p>\n<p>Duke qen\u00eb se pushtuesit nuk ja arrit\u00ebn q\u00ebllimit p\u00ebr ta sh\u00ebmbur at\u00eb p\u00ebr shkak t\u00eb qendres\u00ebs time, q\u00eb n\u00eb fakt duhet ta b\u00ebni t\u00eb gjith\u00eb, m\u00eb gjobisin me 5 milion lek\u00eb e m\u00eb kall\u00ebzojn\u00eb penalisht &#8220;p\u00ebr nd\u00ebrtim pa leje&#8221;.<\/p>\n<p>Prokurorja e Tiran\u00ebs (ndaj s\u00eb cil\u00ebs shpreh gjith\u00eb konsiderat\u00ebn time sepse e di sa nd\u00ebrhyrje \u00ebsht\u00eb b\u00ebr\u00eb p\u00ebr t\u00eb kund\u00ebrt\u00ebn), ka vendosur:<\/p>\n<p>&#8211; Pushimin e procedimit penal &#8230;.(fotot 1-3).<\/p>\n<p>N\u00eb arsyetimin e Saj, prokurorja ashtu si dhe un\u00eb n\u00eb padin\u00eb administrative q\u00eb po gjykohet, ka ngritur dy \u00e7\u00ebshtje thelb\u00ebsore:<\/p>\n<ol>\n<li>A ka nd\u00ebrtim?<\/li>\n<li>Dhe n\u00ebse ka nd\u00ebrtim, a \u00ebsht\u00eb pa leje apo jo?<\/li>\n<\/ol>\n<p>Duke qen\u00eb se nuk ka nd\u00ebrtim (nd\u00ebrtimi ka kondicionet e veta q\u00eb t\u00eb quhet i till\u00eb), se b\u00ebhet fjal\u00eb p\u00ebr Tend\u00eb Dielli, bie \u00e7\u00ebshtja e par\u00eb e si rrjedhim bie \u00e7\u00ebshtja e dyt\u00eb ajo e &#8220;nd\u00ebrtimit pa leje&#8221;.<\/p>\n<p>Do thoni Ju nuk i din\u00eb punonj\u00ebsit e administrat\u00ebs k\u00ebto?<\/p>\n<p>Po i din\u00eb.<\/p>\n<p>Por jan\u00eb pushtues e kan\u00eb urrejtje ndaj \u00e7do gj\u00ebje shqiptare e secilit q\u00eb i mbron ato.<\/p>\n<p>Edhe duke sakrifikuar familjen e f\u00ebmij\u00ebt.<\/p>\n<p>N\u00eb k\u00ebt\u00eb kuad\u00ebr, un\u00eb betejat e mia pa kompromis do i \u00e7oj deri n\u00eb fund, por \u00e7\u00ebshtjet i kam p\u00ebr dy personazhe t\u00eb r\u00ebnd\u00ebsish\u00ebm t\u00eb k\u00ebtij &#8220;Teatri&#8221; pushtuesish q\u00eb po luhet n\u00eb t\u00eb vetmin Kryeqytet t\u00eb bot\u00ebs pa Teat\u00ebr:<\/p>\n<p>S\u00eb pari p\u00ebr Dumanin Altin, i cili \u00ebsht\u00eb nd\u00ebr t\u00eb vetmit q\u00eb nuk &#8220;sheh&#8221; pastrimin e parave t\u00eb pista te Kullat q\u00eb shtohen \u00e7do dit\u00eb, e s\u00eb fundmi me praktik\u00ebn e projektuesve t\u00eb huaj, t\u00eb cil\u00ebt kundrejt \u00e7mimeve maramend\u00ebse b\u00ebjn\u00eb sekserin midis firmave t\u00eb nd\u00ebrtimit, mafies dhe Kryeministrit, nj\u00ebkoh\u00ebsisht edhe lejedh\u00ebn\u00ebsi i tyre.<\/p>\n<p>Pooooor, se gjithmon\u00eb ka nj\u00eb poooooor, k\u00ebto Kullat do e zen\u00eb brenda Dumanin Altin, se agjensit\u00eb e huaja europiane dhe amerikane po i informojm\u00eb.<\/p>\n<p>Sidomos me rolin &#8220;sehirxhi&#8221; t\u00eb tij n\u00eb k\u00ebt\u00eb krim makab\u00ebr ndaj Tiran\u00ebs dhe Shqip\u00ebris\u00eb.<\/p>\n<p>S\u00eb dyti, p\u00ebr at\u00eb q\u00eb ndodhet n\u00eb Burgun e Durr\u00ebsit.<\/p>\n<p>Nuk e di a e kuptoi se armiqt\u00eb real\u00eb t\u00eb tij ishin Edi q\u00eb i jepte urdh\u00ebr p\u00ebr shembjen bardare t\u00eb Teatrit e vet\u00eb nuk firmoste deri te Belinda e Nesti Angoni.<\/p>\n<p>M\u00eb falni.<\/p>\n<p>Blendi Gonxhe&#8230;.<\/p>\n<p>E p\u00ebr shum\u00eb vepra penale q\u00eb kemi koh\u0113 t\u00eb flasim.<\/p>\n<p>Ndaj sot, kam nj\u00eb pesazh p\u00ebr k\u00ebt\u00eb personazh.<\/p>\n<p>N\u00ebse para 10 shkurtit i thoja se kishte vet\u00ebm 2 rrug\u00eb:<\/p>\n<ol>\n<li>Ose t\u00eb b\u00ebhej bashk\u00ebpun\u00ebtor i drejt\u00ebsis\u00eb.<\/li>\n<li>Ose t\u00eb ndiqte rrug\u00ebn e Arben Ahmetaj.<\/li>\n<\/ol>\n<p>Sot i them se kam VET\u00cbM nj\u00eb rrug\u00eb:<\/p>\n<p>&#8211; T\u00eb b\u00ebhet bashk\u00ebpun\u00ebtor i drejt\u00ebsis\u00eb.<\/p>\n<p>Upsssss se desh harrova.<\/p>\n<p>N\u00ebse e b\u00ebn, t\u00eb mos p\u00ebrdor asnj\u00eb lloj ushqimi apo pije t\u00eb burgut t\u00eb Ministrit t\u00eb Dosjes 184 .<\/p>\n<p>Do thoni Ju po ndonj\u00eb \u00e7\u00ebshtje t\u00eb tret\u00eb p\u00ebr personazhin Edvin Kristaq Rama nuk ke?<\/p>\n<p>S\u00eb shpejti&#8230;&#8230;se Un\u00eb, jam Kalaja e Tiran\u00ebs.<\/p>\n<p>PS: Uroj q\u00eb mediat e pushtetit q\u00eb kan\u00eb dy jav\u00eb q\u00eb m\u00eb luten t\u00eb shkoj n\u00eb studiot e tyre q\u00eb t\u00eb shaj Sali Betish\u00ebn, pres t\u00eb m\u00eb ftojn\u00eb p\u00ebr k\u00ebt\u00eb \u00e7\u00ebshtje dhe sesi b\u00ebhet pastrimi i parave t\u00eb pista n\u00ebp\u00ebrmjet nd\u00ebrtimit t\u00eb Kullave me leje t\u00eb Edvinit t\u00eb Kristaqit .<\/p>\n<p>P\u00ebrshir\u00eb edhe at\u00eb q\u00eb nuk i ndahet n\u00eb rrokje as emri e as mbiemri.<\/p>\n<p><img loading=\"lazy\" decoding=\"async\" class=\"alignnone size-medium wp-image-116391\" src=\"https:\/\/rdnews.al\/wp-content\/uploads\/2025\/06\/xx-300x268.png\" alt=\"\" width=\"300\" height=\"268\" srcset=\"https:\/\/rdnews.al\/wp-content\/uploads\/2025\/06\/xx-300x268.png 300w, https:\/\/rdnews.al\/wp-content\/uploads\/2025\/06\/xx.png 538w\" sizes=\"auto, (max-width: 300px) 100vw, 300px\" \/><\/p>\n","protected":false},"excerpt":{"rendered":"<p>Nga Adriana KALAJA Besoj se t\u00eb gjith\u00eb e mbani m\u00ebnd, sesi mbi 40 pushtues me uniform\u00eb pushteti, iu sul\u00ebn vjet n\u00eb gusht, tend\u00ebs time &#8220;pa leje&#8221;. Ashtu n\u00eb fakt si iu sul\u00ebn Teatrit Komb\u00ebtar, Unaz\u00ebs s\u00eb Re, Bregut t\u00eb Lumit, 5 Majit, Laprak\u00ebs e kudo ku mafia e betonit kishte interes apo si n\u00eb rastin &hellip;<\/p>\n","protected":false},"author":4,"featured_media":99941,"comment_status":"closed","ping_status":"closed","sticky":false,"template":"","format":"standard","meta":{"footnotes":""},"categories":[44],"tags":[],"class_list":["post-116390","post","type-post","status-publish","format-standard","has-post-thumbnail","","category-editorial"],"_links":{"self":[{"href":"https:\/\/rdnews.al\/index.php\/wp-json\/wp\/v2\/posts\/116390","targetHints":{"allow":["GET"]}}],"collection":[{"href":"https:\/\/rdnews.al\/index.php\/wp-json\/wp\/v2\/posts"}],"about":[{"href":"https:\/\/rdnews.al\/index.php\/wp-json\/wp\/v2\/types\/post"}],"author":[{"embeddable":true,"href":"https:\/\/rdnews.al\/index.php\/wp-json\/wp\/v2\/users\/4"}],"replies":[{"embeddable":true,"href":"https:\/\/rdnews.al\/index.php\/wp-json\/wp\/v2\/comments?post=116390"}],"version-history":[{"count":1,"href":"https:\/\/rdnews.al\/index.php\/wp-json\/wp\/v2\/posts\/116390\/revisions"}],"predecessor-version":[{"id":116392,"href":"https:\/\/rdnews.al\/index.php\/wp-json\/wp\/v2\/posts\/116390\/revisions\/116392"}],"wp:featuredmedia":[{"embeddable":true,"href":"https:\/\/rdnews.al\/index.php\/wp-json\/wp\/v2\/media\/99941"}],"wp:attachment":[{"href":"https:\/\/rdnews.al\/index.php\/wp-json\/wp\/v2\/media?parent=116390"}],"wp:term":[{"taxonomy":"category","embeddable":true,"href":"https:\/\/rdnews.al\/index.php\/wp-json\/wp\/v2\/categories?post=116390"},{"taxonomy":"post_tag","embeddable":true,"href":"https:\/\/rdnews.al\/index.php\/wp-json\/wp\/v2\/tags?post=116390"}],"curies":[{"name":"wp","href":"https:\/\/api.w.org\/{rel}","templated":true}]}}