{"id":116403,"date":"2025-06-12T10:50:42","date_gmt":"2025-06-12T10:50:42","guid":{"rendered":"https:\/\/rdnews.al\/?p=116403"},"modified":"2025-06-12T10:50:42","modified_gmt":"2025-06-12T10:50:42","slug":"berisha-raporti-i-parlamentit-evropian-e-cileson-ramen-si-mizogen-kurse-skapin-si-nje-leve-te-partise","status":"publish","type":"post","link":"https:\/\/rdnews.al\/index.php\/2025\/06\/12\/berisha-raporti-i-parlamentit-evropian-e-cileson-ramen-si-mizogen-kurse-skapin-si-nje-leve-te-partise\/","title":{"rendered":"Berisha: Raporti i Parlamentit Evropian e cil\u00ebson Ram\u00ebn si mizogen, kurse Skapin si nj\u00eb lev\u00eb t\u00eb partis\u00eb!"},"content":{"rendered":"<p>Lideri i opozit\u00ebs, Sali Berisha ka reaguar gjat\u00eb nj\u00eb konference shtypi p\u00ebr q\u00ebndrimin e nd\u00ebrkomb\u00ebtar\u00ebve ndaj situat\u00ebs n\u00eb Shqip\u00ebri pas masakr\u00ebs elektorale t\u00eb 11 majit. Berisha tha se, Raporti i Parlamentit Evropian e cil\u00ebson Ram\u00ebn si mizogen, kurse Skapin si nj\u00eb lev\u00eb t\u00eb partis\u00eb.<\/p>\n<p>\u201cP\u00ebllumbesha Spirogjoka \u00ebsht\u00eb b\u00ebr\u00eb fam\u00ebzez\u00eb jo vet\u00ebm si zonja 5-milion\u00ebshe, at\u00eb e paraqita un\u00eb k\u00ebtu, dokumentet, por fam\u00ebzez\u00eb sepse p\u00ebr Olta Xha\u00e7k\u00ebn i v\u00eb zjarrin Kushtetut\u00ebs p\u00ebr hir t\u00eb Edi Ram\u00ebs.<\/p>\n<p>Se kjo \u00ebsht\u00eb e vetmja kryetare parlamenti n\u00eb Evrop\u00eb q\u00eb nuk d\u00ebrgon vendimet e parlamentit n\u00eb Gjykat\u00eb Kushtetuese dhe zbaton vendimet e Gjykat\u00ebs Kushtetuese.<\/p>\n<p>T\u00eb kesh kuraj\u00eb dhe t\u00eb dal\u00ebsh para shqiptar\u00ebve pasi ke marr\u00eb nj\u00eb damk\u00eb t\u00eb till\u00eb nd\u00ebrkomb\u00ebtare, do t\u00eb thot\u00eb ta shpall\u00ebsh veten robot, p\u00ebr t\u00eb mos p\u00ebrdorur epitete t\u00eb tjera.<\/p>\n<p>Raporti, pra damkos Edi Ram\u00ebn sepse ka munges\u00eb t\u00eb p\u00ebrgjegjshm\u00ebris\u00eb demokratike.<\/p>\n<p>Nuk ka akuz\u00eb, kjo dy fjal\u00eb jan\u00eb, por k\u00ebto dy fjal\u00eb jan\u00eb t\u00eb r\u00ebnda sa guri.<\/p>\n<p>P\u00ebrgjegjshm\u00ebri demokratike do t\u00eb thot\u00eb se nuk ekziston demokracia.<\/p>\n<p>Do t\u00eb thot\u00eb se nuk zbaton ligjet dhe i shkel ato.<\/p>\n<p>Raporti akuzon Ram\u00ebn dhe Lubi Ballukun p\u00ebr faktin se ligjet e prokurimeve publike jan\u00eb allasoj me xhepin e tyre dhe jo me standardin e BE, detyrim i prer\u00eb i Shqip\u00ebris\u00eb n\u00eb p\u00ebrputhje me MSA-n\u00eb.<\/p>\n<p>Por raporti nuk kursen k\u00ebsaj here Altin Troplinin.<\/p>\n<p>Sepse raporti flet p\u00ebr nd\u00ebrhyrje t\u00eb vazhdueshme politike, \u00e7ka do t\u00eb thot\u00eb se Skapi \u00ebsht\u00eb nj\u00eb lev\u00eb e partis\u00eb.<\/p>\n<p>Pra, edhe ato mashtrime t\u00eb b\u00ebra, po u del kallaji.<\/p>\n<p>Skapi paraqitet n\u00eb raport si nj\u00eb organ n\u00eb t\u00eb cilin dora e zez\u00eb politike e Edi Ram\u00ebs \u00ebsht\u00eb e st\u00ebrfuqishme.<\/p>\n<p>Se si mundet t\u00eb mashtrohen shqiptar\u00ebt dhe t\u00eb mos u thuhen t\u00eb v\u00ebrteta, ky \u00ebsht\u00eb nj\u00eb akt i pap\u00ebrgjegjsh\u00ebm.<\/p>\n<p>Raporti d\u00ebnon munges\u00ebn e plot\u00eb t\u00eb reform\u00ebs elektorale sepse Edi Rama nuk do reform\u00ebn.<\/p>\n<p>Nj\u00eb problem madhor n\u00eb raport rezulton liria themelore e fjal\u00ebs dhe e medieve.<\/p>\n<p>Ligje nuk p\u00ebrputhen me standardet evropiane. Mizogeni, e ka rastin e sulmit personal t\u00eb Edi Ram\u00ebs ndaj Ambrozia Met\u00ebs apo ndonj\u00eb gazetareje tjet\u00ebr.<\/p>\n<p>Ka termin mizogeni dhe qytetar\u00ebt shqiptar\u00eb e din\u00eb mir\u00eb se kush ka kryer akte mizogenie, kush \u00ebsht\u00eb p\u00ebrmbajtur publikisht pa shp\u00ebrthyer n\u00eb akte mizogenie, dhe ai \u00ebsht\u00eb Edi Rama.<\/p>\n<p>Raporti akuzon shtetin p\u00ebr munges\u00eb transparence. Parlamentin si nj\u00eb institucion q\u00eb nuk pyet p\u00ebr grupet e interesit, p\u00ebr konsulenca\u201d, tha Berisha.<\/p>\n","protected":false},"excerpt":{"rendered":"<p>Lideri i opozit\u00ebs, Sali Berisha ka reaguar gjat\u00eb nj\u00eb konference shtypi p\u00ebr q\u00ebndrimin e nd\u00ebrkomb\u00ebtar\u00ebve ndaj situat\u00ebs n\u00eb Shqip\u00ebri pas masakr\u00ebs elektorale t\u00eb 11 majit. Berisha tha se, Raporti i Parlamentit Evropian e cil\u00ebson Ram\u00ebn si mizogen, kurse Skapin si nj\u00eb lev\u00eb t\u00eb partis\u00eb. \u201cP\u00ebllumbesha Spirogjoka \u00ebsht\u00eb b\u00ebr\u00eb fam\u00ebzez\u00eb jo vet\u00ebm si zonja 5-milion\u00ebshe, at\u00eb &hellip;<\/p>\n","protected":false},"author":4,"featured_media":116404,"comment_status":"closed","ping_status":"closed","sticky":false,"template":"","format":"standard","meta":{"footnotes":""},"categories":[37],"tags":[],"class_list":["post-116403","post","type-post","status-publish","format-standard","has-post-thumbnail","","category-politike"],"_links":{"self":[{"href":"https:\/\/rdnews.al\/index.php\/wp-json\/wp\/v2\/posts\/116403","targetHints":{"allow":["GET"]}}],"collection":[{"href":"https:\/\/rdnews.al\/index.php\/wp-json\/wp\/v2\/posts"}],"about":[{"href":"https:\/\/rdnews.al\/index.php\/wp-json\/wp\/v2\/types\/post"}],"author":[{"embeddable":true,"href":"https:\/\/rdnews.al\/index.php\/wp-json\/wp\/v2\/users\/4"}],"replies":[{"embeddable":true,"href":"https:\/\/rdnews.al\/index.php\/wp-json\/wp\/v2\/comments?post=116403"}],"version-history":[{"count":1,"href":"https:\/\/rdnews.al\/index.php\/wp-json\/wp\/v2\/posts\/116403\/revisions"}],"predecessor-version":[{"id":116405,"href":"https:\/\/rdnews.al\/index.php\/wp-json\/wp\/v2\/posts\/116403\/revisions\/116405"}],"wp:featuredmedia":[{"embeddable":true,"href":"https:\/\/rdnews.al\/index.php\/wp-json\/wp\/v2\/media\/116404"}],"wp:attachment":[{"href":"https:\/\/rdnews.al\/index.php\/wp-json\/wp\/v2\/media?parent=116403"}],"wp:term":[{"taxonomy":"category","embeddable":true,"href":"https:\/\/rdnews.al\/index.php\/wp-json\/wp\/v2\/categories?post=116403"},{"taxonomy":"post_tag","embeddable":true,"href":"https:\/\/rdnews.al\/index.php\/wp-json\/wp\/v2\/tags?post=116403"}],"curies":[{"name":"wp","href":"https:\/\/api.w.org\/{rel}","templated":true}]}}