{"id":116406,"date":"2025-06-12T10:53:44","date_gmt":"2025-06-12T10:53:44","guid":{"rendered":"https:\/\/rdnews.al\/?p=116406"},"modified":"2025-06-12T10:53:58","modified_gmt":"2025-06-12T10:53:58","slug":"berisha-brukseli-i-shqetesuar-per-nderhyrjet-e-vazhdueshme-politike-dhe-presionet-ne-sistemin-juridik-nga-edi-rama","status":"publish","type":"post","link":"https:\/\/rdnews.al\/index.php\/2025\/06\/12\/berisha-brukseli-i-shqetesuar-per-nderhyrjet-e-vazhdueshme-politike-dhe-presionet-ne-sistemin-juridik-nga-edi-rama\/","title":{"rendered":"Brukseli i shqet\u00ebsuar p\u00ebr nd\u00ebrhyrjet e vazhdueshme politike dhe presionet n\u00eb sistemin juridik nga Edi Rama"},"content":{"rendered":"<p>Lideri i opozit\u00ebs, Sali Berisha theksoi se Brukseli \u00ebsht\u00eb i shqet\u00ebsuar nga politizimi i sistemit t\u00eb drejt\u00ebsis\u00eb nga mazhoranca socialiste e Edi Ram\u00ebs.<\/p>\n<p>Berisha tha gjat\u00eb konferenc\u00ebs p\u00ebr media se, Brukseli \u00ebsht\u00eb i shqet\u00ebsuar p\u00ebr nd\u00ebrhyrjet e vazhdueshme politike dhe presionet n\u00eb sistemin juridik nga Edi Rama.<\/p>\n<p>\u201cShpreh shqet\u00ebsim t\u00eb madh p\u00ebr nd\u00ebrhyrjet e vazhdueshme politike dhe presionet n\u00eb sistemin juridik.<\/p>\n<p>Un\u00eb mendoj se vet\u00ebm k\u00ebto dy fjali, jan\u00eb prova t\u00eb qarta t\u00eb z\u00ebvend\u00ebsimit n\u00eb k\u00ebt\u00eb vend t\u00eb shtetit ligjor me narkoshtetin e Edi Ram\u00ebs.<\/p>\n<p>Ka defekte t\u00eb m\u00ebdha n\u00eb em\u00ebrime t\u00eb an\u00ebtar\u00ebve jomagjistrat\u00eb nga famozja KLGJ dhe KLP si dhe integriteti i tyre.<\/p>\n<p>Pra, Brukseli konstaton se ka probleme me integritetin e t\u00eb em\u00ebruarve.<\/p>\n<p>\u00cbsht\u00eb e shkruar k\u00ebtu, raporti q\u00eb p\u00ebrmend Miss Metamorfoza p\u00ebr t\u00eb mashtruar shqiptar\u00ebt. Prap\u00eb kishte dal\u00eb, e mor\u00ebt vesh vet\u00eb.<\/p>\n<p>Raporti k\u00ebrkon t\u00eb hiqet dor\u00eb p\u00ebrfundimisht nga Shushica dhe Skavica. Stop projekteve t\u00eb p\u00ebrmbytjes t\u00eb qytetar\u00ebve t\u00eb Dibr\u00ebs dhe grabitjes s\u00eb ujit t\u00eb Shushic\u00ebs qytetar\u00ebve t\u00eb Vlor\u00ebs.<\/p>\n<p>Raporti \u00ebsht\u00eb pra nj\u00eb damkosje e v\u00ebrtet\u00eb e k\u00ebtij regjimi dhe nuk mund ta ndryshojn\u00eb me t\u00eb gjith\u00eb p\u00ebrpjekjet e jasht\u00ebzakonshme q\u00eb ka b\u00ebr\u00eb Edi Rama, me gjith\u00eb lobimet dhe qindra or\u00eb telefonata, me gjith\u00eb shum\u00eb akte t\u00eb tjera vulgare, banale, primitive, t\u00eb d\u00ebnueshme, raporti nuk u ndryshua dot.<\/p>\n<p>Dhe ky raport i Komisionit Europian do t\u00eb diskutohet n\u00eb korrik pasi u miratua n\u00eb AFET.<\/p>\n<p>Ndaj dhe n\u00eb vend se t\u00eb mbledh\u00eb parlamentin dhe t\u00eb zbatoj\u00eb k\u00ebrkesat e prera t\u00eb Parlamentit Europian dhe t\u00eb Komisionit p\u00ebr Olta Xha\u00e7k\u00ebn dhe Vullnet Sin\u00ebn, ajo del dhe reciton trillime t\u00eb Edi Ram\u00ebs dhe zyr\u00ebs s\u00eb tij.<\/p>\n<p>Ky \u00ebsht\u00eb nj\u00eb akt pap\u00ebrgjegj\u00ebsie e plot\u00eb e Edi Ram\u00ebs.<\/p>\n<p>Un\u00eb kuptoj se ajo \u00ebsht\u00eb vet\u00ebm nj\u00eb instrument i zyr\u00ebs s\u00eb shtypit t\u00eb Edi Ram\u00ebs.<\/p>\n<p>U detyrova, se un\u00eb para jush kam folur p\u00ebr raportin, \u00ebsht\u00eb e v\u00ebrtet\u00eb, kam b\u00ebr\u00eb transparenc\u00eb, kur shoh q\u00eb k\u00ebta p\u00ebrpiqen me \u00e7do kusht dhe nuk gjejn\u00eb nj\u00eb fjal\u00eb, vet\u00ebm mashtrim, duan me \u00e7do kusht t\u00eb mashtrojn\u00eb shqiptar\u00ebt, por koha e mashtrimeve t\u00eb tyre ka marr\u00eb fund.<\/p>\n<p>Ora e v\u00ebrtet\u00ebs do b\u00ebhet gjithnj\u00eb e m\u00eb e madhe, gjithnj\u00eb e m\u00eb e fuqishme.<\/p>\n<p>U detyrova t\u00eb ndryshoj edhe paraqitjet para jush se kisha fakte shum\u00eb t\u00eb r\u00ebnd\u00ebsishme n\u00eb vazhdim, por mendova se mashtrimi publik shtet\u00ebror \u00ebsht\u00eb nj\u00eb akt i sh\u00ebmtuar shtet\u00ebror q\u00eb nuk mund t\u00eb mos denoncohej publikisht dhe me forc\u00ebn m\u00eb t\u00eb madhe\u201d, tha Berisha.<\/p>\n","protected":false},"excerpt":{"rendered":"<p>Lideri i opozit\u00ebs, Sali Berisha theksoi se Brukseli \u00ebsht\u00eb i shqet\u00ebsuar nga politizimi i sistemit t\u00eb drejt\u00ebsis\u00eb nga mazhoranca socialiste e Edi Ram\u00ebs. Berisha tha gjat\u00eb konferenc\u00ebs p\u00ebr media se, Brukseli \u00ebsht\u00eb i shqet\u00ebsuar p\u00ebr nd\u00ebrhyrjet e vazhdueshme politike dhe presionet n\u00eb sistemin juridik nga Edi Rama. \u201cShpreh shqet\u00ebsim t\u00eb madh p\u00ebr nd\u00ebrhyrjet e vazhdueshme &hellip;<\/p>\n","protected":false},"author":4,"featured_media":116407,"comment_status":"closed","ping_status":"closed","sticky":false,"template":"","format":"standard","meta":{"footnotes":""},"categories":[37],"tags":[],"class_list":["post-116406","post","type-post","status-publish","format-standard","has-post-thumbnail","","category-politike"],"_links":{"self":[{"href":"https:\/\/rdnews.al\/index.php\/wp-json\/wp\/v2\/posts\/116406","targetHints":{"allow":["GET"]}}],"collection":[{"href":"https:\/\/rdnews.al\/index.php\/wp-json\/wp\/v2\/posts"}],"about":[{"href":"https:\/\/rdnews.al\/index.php\/wp-json\/wp\/v2\/types\/post"}],"author":[{"embeddable":true,"href":"https:\/\/rdnews.al\/index.php\/wp-json\/wp\/v2\/users\/4"}],"replies":[{"embeddable":true,"href":"https:\/\/rdnews.al\/index.php\/wp-json\/wp\/v2\/comments?post=116406"}],"version-history":[{"count":2,"href":"https:\/\/rdnews.al\/index.php\/wp-json\/wp\/v2\/posts\/116406\/revisions"}],"predecessor-version":[{"id":116409,"href":"https:\/\/rdnews.al\/index.php\/wp-json\/wp\/v2\/posts\/116406\/revisions\/116409"}],"wp:featuredmedia":[{"embeddable":true,"href":"https:\/\/rdnews.al\/index.php\/wp-json\/wp\/v2\/media\/116407"}],"wp:attachment":[{"href":"https:\/\/rdnews.al\/index.php\/wp-json\/wp\/v2\/media?parent=116406"}],"wp:term":[{"taxonomy":"category","embeddable":true,"href":"https:\/\/rdnews.al\/index.php\/wp-json\/wp\/v2\/categories?post=116406"},{"taxonomy":"post_tag","embeddable":true,"href":"https:\/\/rdnews.al\/index.php\/wp-json\/wp\/v2\/tags?post=116406"}],"curies":[{"name":"wp","href":"https:\/\/api.w.org\/{rel}","templated":true}]}}