{"id":116410,"date":"2025-06-12T10:58:51","date_gmt":"2025-06-12T10:58:51","guid":{"rendered":"https:\/\/rdnews.al\/?p=116410"},"modified":"2025-06-12T10:58:51","modified_gmt":"2025-06-12T10:58:51","slug":"berisha-edi-rama-ka-kercenuar-misionin-e-osbe-odihr-per-zgjedhjet-ministri-hasani-i-ka-thirrur-ne-zyre","status":"publish","type":"post","link":"https:\/\/rdnews.al\/index.php\/2025\/06\/12\/berisha-edi-rama-ka-kercenuar-misionin-e-osbe-odihr-per-zgjedhjet-ministri-hasani-i-ka-thirrur-ne-zyre\/","title":{"rendered":"Berisha: Edi Rama ka k\u00ebrc\u00ebnuar misionin e OSBE-ODIHR p\u00ebr zgjedhjet, ministri Hasani i ka thirrur n\u00eb zyr\u00eb!"},"content":{"rendered":"<p>Kryetari i PD, Sali Berisha ka zbardhur t\u00eb tjera detaje n\u00eb lidhje me denoncimin e tij t\u00eb fort\u00eb se Edi Rama ka k\u00ebrc\u00ebnuar misionin e OSBE\/ ODIHR p\u00ebr raportin e tij paraprak p\u00ebr fars\u00ebn zgjedhore t\u00eb 11 majit.<\/p>\n<p>Berisha tha se, Edi Rama ka k\u00ebrc\u00ebnuar misionin e OSBE-ODIHR p\u00ebr zgjedhjet, ministri Hasani i ka thirrur n\u00eb zyr\u00eb.<\/p>\n<p>\u201cN\u00eb m\u00ebnyr\u00eb konkrete, presion antiligjor, antidemokratik \u00ebsht\u00eb b\u00ebr\u00eb ndaj ekipit t\u00eb v\u00ebzhguesve t\u00eb OSBE-ODIHR dhe un\u00eb k\u00ebto i kam denoncuar n\u00eb t\u00eb gjitha instancat nd\u00ebrkomb\u00ebtare dhe publikisht.<\/p>\n<p>Dhe n\u00eb k\u00ebt\u00eb fushat\u00eb presioni \u00ebsht\u00eb i implikuar, vet\u00eb personalisht Edi Rama dhe ministri i tij i Jasht\u00ebm, Igli Hasani. Un\u00eb kam informuar se, ky i fundit ka thirrur n\u00eb zyr\u00eb p\u00ebrfaq\u00ebsuesit e misionit t\u00eb v\u00ebzhguesve, pasi ka d\u00ebrguar mesazhe k\u00ebrc\u00ebnuese dhe u ka k\u00ebrkuar llogari p\u00ebr frazat, se k\u00ebta jan\u00eb ai sekt q\u00eb besojn\u00eb g\u00ebnjeshtrat e tyre.<\/p>\n<p>K\u00ebta besojn\u00eb g\u00ebnjeshtrat e tyre, k\u00ebta jetojn\u00eb me nj\u00eb realitet q\u00eb nuk ekziston.<\/p>\n<p>Ai p\u00ebrdor 500 mln euro prokurorime, n\u00eb periudh\u00ebn q\u00eb nuk lejon ligji.<\/p>\n<p>Ai shp\u00ebrndan 76 mln euro n\u00eb periudh\u00ebn q\u00eb nuk e lejon ligji.<\/p>\n<p>Ai fal gjobat 200 mln n\u00eb periudh\u00ebn q\u00eb nuk e lejon ligji.<\/p>\n<p>Ai pun\u00ebson mbi 10 mij\u00eb persona n\u00eb periudh\u00ebn q\u00eb nuk e lejon ligji.<\/p>\n<p>Ai ka firmosur me dhjet\u00ebra mij\u00ebra leje legalizimi, certefikata pron\u00ebsie dhe leje nd\u00ebrtimi, n\u00eb periudh\u00ebn q\u00eb nuk e lejon ligji.<\/p>\n<p>Q\u00eb t\u00eb gjitha p\u00ebr vota.<\/p>\n<p>Ai ka dh\u00ebn\u00eb licenca p\u00ebr nj\u00eb sip\u00ebrfaqe 140 her\u00eb m\u00eb t\u00eb madhe p\u00ebr mbledhje kanabisi, n\u00eb kund\u00ebrshtim flagrant me ligjin.<\/p>\n<p>Jan\u00eb p\u00ebrdorur t\u00eb gjitha.<\/p>\n<p>Do vij un\u00eb k\u00ebtu para jush, se k\u00ebtu po b\u00ebhet gjyqi nd\u00ebrkomb\u00ebtar i nj\u00eb farse elektorale.<\/p>\n<p>Ai ka p\u00ebrdorur dhjet\u00ebra mij\u00ebra punonj\u00ebs t\u00eb administrat\u00ebs, me fuqin\u00eb e postit t\u00eb tyre duke mikluar dhe k\u00ebrc\u00ebnuar qytetar\u00ebt p\u00ebr vot\u00eb.<\/p>\n<p>Por ai si\u00e7 e dini, ka p\u00ebrdorur bandat m\u00eb t\u00eb rrezikshme t\u00eb cilat tashm\u00eb, jan\u00eb b\u00ebr\u00eb fam\u00ebzeza edhe n\u00eb atentate politike nd\u00ebrkomb\u00ebtare, si\u00e7 ishte vrasja e kandidat\u00ebt t\u00eb opozit\u00ebs n\u00eb Kolumbi.<\/p>\n<p>Mos harroni se Dritan Gjikat i kan\u00eb fijet tek Gys Agasi dhe Edi Rama. Tek Pojat, tek \u00c7el\u00ebt. Para 1 jave u godit kandidati p\u00ebr president n\u00eb Kolumbi dhe presidenti tha, mafia shqiptare, tregoi dhe emrin e personit.<\/p>\n<p>Njer\u00ebzit e lidhur me Edi Ram\u00ebn jan\u00eb rrezik nd\u00ebrkomb\u00ebtar sot. K\u00ebshtu q\u00eb nuk mundet m\u00eb, iku kjo koh\u00eb.<\/p>\n<p>Por k\u00ebta, kur nuk ke turp, b\u00ebhet \u00e7do gj\u00eb dhe thuhet \u00e7do gj\u00eb.<\/p>\n<p>N\u00eb k\u00ebt\u00eb raport e vetmja q\u00eb e p\u00ebrmend \u00ebsht\u00eb ajo, t\u00eb tjer\u00ebt se p\u00ebrmendin dot. T\u00eb tjer\u00ebt mbet\u00ebn dy jav\u00eb duke cituar z. Andreas Schieder. Ai \u00ebsht\u00eb nj\u00eb europarlamentar, nj\u00eb socialist, nuk p\u00ebrfaq\u00ebson raportin ai. Mendimet e tij i ka n\u00eb raport. I ka votuar.<\/p>\n<p>K\u00ebto q\u00eb po lexoj un\u00eb ju, kan\u00eb vot\u00ebn e tyre, jan\u00eb unanime. Popullor dhe socialist jan\u00eb t\u00eb votuara.<\/p>\n<p>Sidomos z. Andreas Schieder, q\u00eb \u00ebsht\u00eb edhe reporteri p\u00ebr Shqip\u00ebrin\u00eb\u201d, u shpreh Berisha.<\/p>\n","protected":false},"excerpt":{"rendered":"<p>Kryetari i PD, Sali Berisha ka zbardhur t\u00eb tjera detaje n\u00eb lidhje me denoncimin e tij t\u00eb fort\u00eb se Edi Rama ka k\u00ebrc\u00ebnuar misionin e OSBE\/ ODIHR p\u00ebr raportin e tij paraprak p\u00ebr fars\u00ebn zgjedhore t\u00eb 11 majit. Berisha tha se, Edi Rama ka k\u00ebrc\u00ebnuar misionin e OSBE-ODIHR p\u00ebr zgjedhjet, ministri Hasani i ka thirrur &hellip;<\/p>\n","protected":false},"author":4,"featured_media":116411,"comment_status":"closed","ping_status":"closed","sticky":false,"template":"","format":"standard","meta":{"footnotes":""},"categories":[37],"tags":[],"class_list":["post-116410","post","type-post","status-publish","format-standard","has-post-thumbnail","","category-politike"],"_links":{"self":[{"href":"https:\/\/rdnews.al\/index.php\/wp-json\/wp\/v2\/posts\/116410","targetHints":{"allow":["GET"]}}],"collection":[{"href":"https:\/\/rdnews.al\/index.php\/wp-json\/wp\/v2\/posts"}],"about":[{"href":"https:\/\/rdnews.al\/index.php\/wp-json\/wp\/v2\/types\/post"}],"author":[{"embeddable":true,"href":"https:\/\/rdnews.al\/index.php\/wp-json\/wp\/v2\/users\/4"}],"replies":[{"embeddable":true,"href":"https:\/\/rdnews.al\/index.php\/wp-json\/wp\/v2\/comments?post=116410"}],"version-history":[{"count":1,"href":"https:\/\/rdnews.al\/index.php\/wp-json\/wp\/v2\/posts\/116410\/revisions"}],"predecessor-version":[{"id":116412,"href":"https:\/\/rdnews.al\/index.php\/wp-json\/wp\/v2\/posts\/116410\/revisions\/116412"}],"wp:featuredmedia":[{"embeddable":true,"href":"https:\/\/rdnews.al\/index.php\/wp-json\/wp\/v2\/media\/116411"}],"wp:attachment":[{"href":"https:\/\/rdnews.al\/index.php\/wp-json\/wp\/v2\/media?parent=116410"}],"wp:term":[{"taxonomy":"category","embeddable":true,"href":"https:\/\/rdnews.al\/index.php\/wp-json\/wp\/v2\/categories?post=116410"},{"taxonomy":"post_tag","embeddable":true,"href":"https:\/\/rdnews.al\/index.php\/wp-json\/wp\/v2\/tags?post=116410"}],"curies":[{"name":"wp","href":"https:\/\/api.w.org\/{rel}","templated":true}]}}