{"id":116413,"date":"2025-06-12T11:04:28","date_gmt":"2025-06-12T11:04:28","guid":{"rendered":"https:\/\/rdnews.al\/?p=116413"},"modified":"2025-06-12T11:04:28","modified_gmt":"2025-06-12T11:04:28","slug":"dosja-partizani-berisha-ne-nuk-kemi-ende-ne-dore-vendimin-e-marre-nga-gjykatesja-qe-ka-derguar-ceshtjen-per-gjykim","status":"publish","type":"post","link":"https:\/\/rdnews.al\/index.php\/2025\/06\/12\/dosja-partizani-berisha-ne-nuk-kemi-ende-ne-dore-vendimin-e-marre-nga-gjykatesja-qe-ka-derguar-ceshtjen-per-gjykim\/","title":{"rendered":"Dosja Partizani\/ Berisha: Ne nuk kemi ende n\u00eb dor\u00eb vendimin e marr\u00eb nga gjykat\u00ebsja q\u00eb ka d\u00ebrguar \u00e7\u00ebshtjen p\u00ebr gjykim"},"content":{"rendered":"<p>Kryetari i PD, Sali Berisha ka dh\u00ebn\u00eb edhe nj\u00eb shpjegim gjat\u00eb konferenc\u00ebs p\u00ebr shtyp p\u00ebr \u00e7\u00ebshtjen \u201cPartizani\u201d q\u00eb tashme ka kaluar p\u00ebr gjykim. Berisha tha se, ne nuk kemi ende n\u00eb dor\u00eb vendimin e marr\u00eb nga gjykat\u00ebsja q\u00eb ka d\u00ebrguar \u00e7\u00ebshtjen p\u00ebr gjykim.<\/p>\n<p>\u201cS\u00eb pari, komenti im \u00ebsht\u00eb vet\u00ebm ky: personalisht ne t\u00eb interesuarit dhe trupa e mbrojtjes nuk ka gjer sot n\u00eb dor\u00eb vendimin e marr\u00eb nga gjykat\u00ebsja q\u00eb ka d\u00ebrguar \u00e7\u00ebshtjen p\u00ebr gjykim.<\/p>\n<p>Nuk kemi vendimin.<\/p>\n<p>A mund t\u00eb imagjinoni ju? Edhe kjo ndodh.<\/p>\n<p>T\u00eb gjitha t\u00eb tjerat do p\u00ebrcaktohen nga konsulta me avoket\u00ebrit, e cila \u00ebsht\u00eb jasht\u00eb k\u00ebsaj salle\u201d, tha Berisha.<\/p>\n","protected":false},"excerpt":{"rendered":"<p>Kryetari i PD, Sali Berisha ka dh\u00ebn\u00eb edhe nj\u00eb shpjegim gjat\u00eb konferenc\u00ebs p\u00ebr shtyp p\u00ebr \u00e7\u00ebshtjen \u201cPartizani\u201d q\u00eb tashme ka kaluar p\u00ebr gjykim. Berisha tha se, ne nuk kemi ende n\u00eb dor\u00eb vendimin e marr\u00eb nga gjykat\u00ebsja q\u00eb ka d\u00ebrguar \u00e7\u00ebshtjen p\u00ebr gjykim. \u201cS\u00eb pari, komenti im \u00ebsht\u00eb vet\u00ebm ky: personalisht ne t\u00eb interesuarit dhe &hellip;<\/p>\n","protected":false},"author":4,"featured_media":116414,"comment_status":"closed","ping_status":"closed","sticky":false,"template":"","format":"standard","meta":{"footnotes":""},"categories":[37],"tags":[],"class_list":["post-116413","post","type-post","status-publish","format-standard","has-post-thumbnail","","category-politike"],"_links":{"self":[{"href":"https:\/\/rdnews.al\/index.php\/wp-json\/wp\/v2\/posts\/116413","targetHints":{"allow":["GET"]}}],"collection":[{"href":"https:\/\/rdnews.al\/index.php\/wp-json\/wp\/v2\/posts"}],"about":[{"href":"https:\/\/rdnews.al\/index.php\/wp-json\/wp\/v2\/types\/post"}],"author":[{"embeddable":true,"href":"https:\/\/rdnews.al\/index.php\/wp-json\/wp\/v2\/users\/4"}],"replies":[{"embeddable":true,"href":"https:\/\/rdnews.al\/index.php\/wp-json\/wp\/v2\/comments?post=116413"}],"version-history":[{"count":1,"href":"https:\/\/rdnews.al\/index.php\/wp-json\/wp\/v2\/posts\/116413\/revisions"}],"predecessor-version":[{"id":116415,"href":"https:\/\/rdnews.al\/index.php\/wp-json\/wp\/v2\/posts\/116413\/revisions\/116415"}],"wp:featuredmedia":[{"embeddable":true,"href":"https:\/\/rdnews.al\/index.php\/wp-json\/wp\/v2\/media\/116414"}],"wp:attachment":[{"href":"https:\/\/rdnews.al\/index.php\/wp-json\/wp\/v2\/media?parent=116413"}],"wp:term":[{"taxonomy":"category","embeddable":true,"href":"https:\/\/rdnews.al\/index.php\/wp-json\/wp\/v2\/categories?post=116413"},{"taxonomy":"post_tag","embeddable":true,"href":"https:\/\/rdnews.al\/index.php\/wp-json\/wp\/v2\/tags?post=116413"}],"curies":[{"name":"wp","href":"https:\/\/api.w.org\/{rel}","templated":true}]}}