{"id":116416,"date":"2025-06-12T11:10:45","date_gmt":"2025-06-12T11:10:45","guid":{"rendered":"https:\/\/rdnews.al\/?p=116416"},"modified":"2025-06-12T11:10:45","modified_gmt":"2025-06-12T11:10:45","slug":"rinumerimi-berisha-qellimi-i-pare-i-pd-eshte-ky-ne-nuk-pranojme-legjitimitetin-e-ketyre-zgjedhjeve","status":"publish","type":"post","link":"https:\/\/rdnews.al\/index.php\/2025\/06\/12\/rinumerimi-berisha-qellimi-i-pare-i-pd-eshte-ky-ne-nuk-pranojme-legjitimitetin-e-ketyre-zgjedhjeve\/","title":{"rendered":"Rinum\u00ebrimi\/ Berisha: Q\u00ebllimi i par\u00eb i PD \u00ebsht\u00eb ky, ne nuk pranojm\u00eb legjitimitetin e k\u00ebtyre zgjedhjeve"},"content":{"rendered":"<p>Kryetari i Partis\u00eb Demokratike, Sali Berisha \u00ebsht\u00eb ndalur te farsa zgjedhore e 11 majit dhe k\u00ebrkesat p\u00ebr rinum\u00ebrim t\u00eb kutive t\u00eb votimit.<\/p>\n<p>N\u00eb fjal\u00ebn e tij p\u00ebrpara gazetar\u00ebve n\u00eb selin\u00eb blu, Berisha sqaroi se \u2018q\u00ebllimi i par\u00eb i PD \u00ebsht\u00eb ky, q\u00eb ne nuk pranojm\u00eb legjitimitetin e k\u00ebtyre zgjedhjeve\u2019.<\/p>\n<p>\u201cTani, ajo q\u00eb zhvillohet n\u00eb KQZ duhet ta ken\u00eb t\u00eb qart\u00eb t\u00eb gjith\u00eb shqiptar\u00ebt se q\u00ebllimi i par\u00eb, num\u00ebr nj\u00eb i PD dhe Aleanc\u00ebs p\u00ebr Shqip\u00ebrin\u00eb Madh\u00ebshtore \u00ebsht\u00eb ky: nuk pranojm\u00eb legjitimitetin e k\u00ebtyre zgjedhjeve.<\/p>\n<p>Prandaj dhe n\u00eb qoft\u00eb se e keni ndjekur, ne kemi paditur \u00e7do qark p\u00ebr legjitimitetin e zgjedhjeve dhe kemi dokumente t\u00eb pafundme.<\/p>\n<p>Ky \u00ebsht\u00eb q\u00ebndrimi i par\u00eb i yni.<\/p>\n<p>Dy, transparenca jo vet\u00ebm q\u00eb \u00ebsht\u00eb parim i pakund\u00ebrshtuesh\u00ebm, \u00ebsht\u00eb e drejt\u00eb e pakund\u00ebrshtueshme e \u00e7do individi.<\/p>\n<p>N\u00eb k\u00ebt\u00eb kuad\u00ebr, PD jo vet\u00ebm q\u00eb nuk pengon asnj\u00eb kandidat t\u00eb saj, por do i mb\u00ebshtes\u00eb, meqen\u00ebse ligji nuk i p\u00ebrligj ata dhe duhet mb\u00ebshtetja e partis\u00eb n\u00eb k\u00ebt\u00eb proces, secili q\u00eb k\u00ebrkon transparenc\u00ebn, do mb\u00ebshtetet pa asnj\u00eb lloj paragjykimi.<\/p>\n<p>Edhe nj\u00ebher\u00eb, nuk ka paragjykim.<\/p>\n<p>Pra, duhet t\u2019i dallojm\u00eb k\u00ebto dy gj\u00ebra.<\/p>\n<p>Partia nuk njeh legjitimitetin e k\u00ebtyre zgjedhjeve, prandaj po k\u00ebrkon p\u00ebr \u00e7do qark&#8230;<\/p>\n<p>&#8230; Tani Osman, e marr vesh un\u00eb at\u00eb pun\u00eb. Mendoj se as un\u00eb, as ju nuk mund t\u00eb flasim p\u00ebr vjedhje, p\u00ebr gj\u00ebra t\u00eb paprovuara.<\/p>\n<p>Ata q\u00eb dyshojn\u00eb se u jan\u00eb devijuar votat, atyre ne u themi, u mb\u00ebshtesim p\u00ebr transparenc\u00eb.<\/p>\n<p>Por kjo nuk vjen se partia ndan dyshimin e tyre. Jo. Nuk vjen nga kjo.<\/p>\n<p>Por vjen sepse PD respekton plot\u00ebsisht t\u00eb drejt\u00ebn e transparenc\u00ebs si t\u00eb drejt\u00eb t\u00eb patjet\u00ebrsushme t\u00eb individit.<\/p>\n<p>Tani, meq\u00eb jemi k\u00ebtu, Edi Rama n\u00eb vitin 2009, pasi nuk paraqiti dot asnj\u00eb fakt, asnj\u00eb dokument, asnj\u00eb prov\u00eb n\u00eb asnj\u00ebr\u00ebn nga instancat e sistemit t\u00eb shqyrtimit t\u00eb ankesave p\u00ebr zgjedhjet, asnj\u00eb, asnj\u00eb, pasi kaloi \u00e7do afat, tre ose kat\u00ebr muaj m\u00eb von\u00eb doli me k\u00ebrkes\u00ebn hap kutit\u00eb.<\/p>\n<p>Hap kutit\u00eb q\u00eb t\u00eb marr\u00ebsh vizat. Hap kutit\u00eb q\u00eb t\u00eb b\u00ebsh k\u00ebt\u00eb.<\/p>\n<p>Kutit\u00eb nuk ishin n\u00eb dor\u00ebn time. Dhe un\u00eb i them, shko n\u00eb prokurori, paraqit faktet se nj\u00eb prokuror i vet\u00ebm kishte tag\u00ebr me hap\u00eb t\u00eb gjith\u00eb kutit\u00eb.<\/p>\n<p>Vet\u00eb tani Edi Rama, tre dit\u00eb pas zgjedhjeve, kur Blerina tha m\u2019i mori Olta votat, n\u00eb fakt m\u2019i mori Rama, se po tha Olta, e ke tek familja Rama se ata jan\u00eb t\u00eb shkrir\u00eb n\u00eb aksione me nj\u00ebri-tjetrin, pra tha m\u2019i mori. Dy her\u00eb nuk e tha dot, u t\u00ebrhoq, partia nuk gabon, tha Blerina.<\/p>\n<p>Ata nuk mund ta b\u00ebja un\u00eb kurr\u00eb.<\/p>\n<p>Do transparenc\u00eb, un\u00eb edhe n\u00eb parti, ka plot njer\u00ebz q\u00eb thon\u00eb nuk \u00ebsht\u00eb num\u00ebruar mir\u00eb, jo m\u00eb \u00ebsht\u00eb b\u00ebr\u00eb hile, urdh\u00ebro dhe num\u00ebroji. Tani ka edhe kamera, mos p\u00ebrto.<\/p>\n<p>Pra, ka dy q\u00ebndrime t\u00eb kund\u00ebrta plot\u00ebsisht.<\/p>\n<p>Nj\u00ebri respekton parimet baz\u00eb, tjetri shqelmon parimet baz\u00eb dhe vepron mbi parim\u00ebt e narkoshtetit.<\/p>\n<p>Po ke par\u00eb ti?<\/p>\n<p>Ajo q\u00eb \u00ebsht\u00eb interesante \u00ebsht\u00eb se raporti, lexojeni, n\u00eb proporcion shum\u00eb t\u00eb madh, i kushtohet medieve. Nuk kan\u00eb ata kurr\u00eb asnj\u00eb p\u00ebrve\u00e7 respektit p\u00ebr mediat dhe fjal\u00ebn e lir\u00eb, nuk nisen dot nga ideja t\u00eb demonizojn\u00eb mediat, n\u00eb asnj\u00eb m\u00ebnyr\u00eb. P\u00ebrkundrazi, vet\u00ebm se si t\u2019i mbrojn\u00eb.<\/p>\n<p>Dhe kur lexon k\u00ebt\u00eb raport, lexon fytyr\u00ebn e v\u00ebrtet\u00eb t\u00eb diktatur\u00ebs.<\/p>\n<p>Ke par\u00eb ti, Edi Rama nuk lejon transparenc\u00ebs. Intelektual\u00ebt e llumit i dalin zot. Avoket\u00ebrit e krimit i dalin zot n\u00eb media, n\u00eb vend se &#8230; transparenca \u00ebsht\u00eb e domosdoshme.<\/p>\n<p>Ndaj dhe ka nj\u00eb shqet\u00ebsim shum\u00eb t\u00eb thell\u00eb.<\/p>\n<p>P\u00ebr ta mbyllur me dy fjal\u00eb k\u00ebt\u00eb raport, ky raport shpreh shqet\u00ebsimin gjer n\u00eb thell\u00ebsin\u00eb m\u00eb t\u00eb madhe p\u00ebr gjendjen n\u00eb Shqip\u00ebri dhe u garantoj se ky \u00ebsht\u00eb vet\u00ebm fillimi.<\/p>\n<p>Prap\u00eb, \u00ebsht\u00eb mbushur dhe st\u00ebrmbushur kupa. Le t\u00eb b\u00ebj\u00eb \u00e7\u2019t\u00eb doj\u00eb, Edi Rama nga ky realitet q\u00eb ka krijuar, nuk del kurr\u00eb m\u00eb\u201d, u shpreh Berisha.<\/p>\n","protected":false},"excerpt":{"rendered":"<p>Kryetari i Partis\u00eb Demokratike, Sali Berisha \u00ebsht\u00eb ndalur te farsa zgjedhore e 11 majit dhe k\u00ebrkesat p\u00ebr rinum\u00ebrim t\u00eb kutive t\u00eb votimit. N\u00eb fjal\u00ebn e tij p\u00ebrpara gazetar\u00ebve n\u00eb selin\u00eb blu, Berisha sqaroi se \u2018q\u00ebllimi i par\u00eb i PD \u00ebsht\u00eb ky, q\u00eb ne nuk pranojm\u00eb legjitimitetin e k\u00ebtyre zgjedhjeve\u2019. \u201cTani, ajo q\u00eb zhvillohet n\u00eb KQZ &hellip;<\/p>\n","protected":false},"author":4,"featured_media":116417,"comment_status":"closed","ping_status":"closed","sticky":false,"template":"","format":"standard","meta":{"footnotes":""},"categories":[37],"tags":[],"class_list":["post-116416","post","type-post","status-publish","format-standard","has-post-thumbnail","","category-politike"],"_links":{"self":[{"href":"https:\/\/rdnews.al\/index.php\/wp-json\/wp\/v2\/posts\/116416","targetHints":{"allow":["GET"]}}],"collection":[{"href":"https:\/\/rdnews.al\/index.php\/wp-json\/wp\/v2\/posts"}],"about":[{"href":"https:\/\/rdnews.al\/index.php\/wp-json\/wp\/v2\/types\/post"}],"author":[{"embeddable":true,"href":"https:\/\/rdnews.al\/index.php\/wp-json\/wp\/v2\/users\/4"}],"replies":[{"embeddable":true,"href":"https:\/\/rdnews.al\/index.php\/wp-json\/wp\/v2\/comments?post=116416"}],"version-history":[{"count":1,"href":"https:\/\/rdnews.al\/index.php\/wp-json\/wp\/v2\/posts\/116416\/revisions"}],"predecessor-version":[{"id":116418,"href":"https:\/\/rdnews.al\/index.php\/wp-json\/wp\/v2\/posts\/116416\/revisions\/116418"}],"wp:featuredmedia":[{"embeddable":true,"href":"https:\/\/rdnews.al\/index.php\/wp-json\/wp\/v2\/media\/116417"}],"wp:attachment":[{"href":"https:\/\/rdnews.al\/index.php\/wp-json\/wp\/v2\/media?parent=116416"}],"wp:term":[{"taxonomy":"category","embeddable":true,"href":"https:\/\/rdnews.al\/index.php\/wp-json\/wp\/v2\/categories?post=116416"},{"taxonomy":"post_tag","embeddable":true,"href":"https:\/\/rdnews.al\/index.php\/wp-json\/wp\/v2\/tags?post=116416"}],"curies":[{"name":"wp","href":"https:\/\/api.w.org\/{rel}","templated":true}]}}