{"id":116427,"date":"2025-06-12T11:47:31","date_gmt":"2025-06-12T11:47:31","guid":{"rendered":"https:\/\/rdnews.al\/?p=116427"},"modified":"2025-06-12T11:47:31","modified_gmt":"2025-06-12T11:47:31","slug":"berisha-bamir-topi-dhe-kreshnik-spahiu-qendrojne-ne-themel-te-shkaterrimit-te-ketij-sistemi","status":"publish","type":"post","link":"https:\/\/rdnews.al\/index.php\/2025\/06\/12\/berisha-bamir-topi-dhe-kreshnik-spahiu-qendrojne-ne-themel-te-shkaterrimit-te-ketij-sistemi\/","title":{"rendered":"Berisha: Bamir Topi dhe Kreshnik Spahiu q\u00ebndrojn\u00eb n\u00eb themel t\u00eb shkat\u00ebrrimit t\u00eb k\u00ebtij sistemi!"},"content":{"rendered":"<p>Lideri i opozit\u00ebs, Sali Berisha, n\u00eb konferenc\u00ebn me gazetar\u00ebt ka akuzuar ish-presidentin Bamir Topi dhe ish-z\u00ebvend\u00ebs kryetarin e K\u00ebshillit t\u00eb Lart\u00eb t\u00eb Drejt\u00ebsis\u00eb, Kreshnik Spahiu si themeluesit e nj\u00eb praktike t\u00eb kalb\u00ebzuar q\u00eb, sipas tij, ka shkat\u00ebrruar themelet e drejt\u00ebsis\u00eb.<br \/>\nBerisha tha se, sot ryshfeti ka arritur p\u00ebrmasa marramend\u00ebse, duke p\u00ebrmendur shifra q\u00eb, sipas tij, shkojn\u00eb deri n\u00eb dhjet\u00ebra milion\u00eb euro p\u00ebr \u00e7\u00ebshtje t\u00eb caktuara, sidomos n\u00ebn ndikimin e karteleve t\u00eb drog\u00ebs.<br \/>\n<strong>&#8220;<\/strong>Tani, e kam theksuar dhe e theksoj se prokuror\u00eb dhe gjykat\u00ebs n\u00eb Shqip\u00ebri, paguhen m\u00eb shum\u00eb se \u00e7do gjykat\u00ebs dhe prokuror n\u00eb gjith\u00eb gadishullin e Ballkanit dhe baras me disa vende t\u00eb Europ\u00ebs.<br \/>\nNuk ka gj\u00eb m\u00eb absurde dhe kjo vet\u00ebm sa u ka rritur oreksin.<br \/>\nJu jeni gazetar\u00eb dhe takoheni \u00e7do dit\u00eb me njer\u00ebz, n\u00eb qoft\u00eb se gjeni nj\u00eb qytetar t\u00eb vet\u00ebm q\u00eb po i ec\u00ebn procesi gjyq\u00ebsor pa ryshfet, urdh\u00ebroni dhe t\u00eb rr\u00ebzojm\u00eb k\u00ebto.<br \/>\nPor sot u garantoj se ryshfeti ka marr\u00eb p\u00ebrmasat m\u00eb gjigante n\u00eb t\u00ebr\u00eb historin\u00eb e k\u00ebtij shteti.<br \/>\nKa qen\u00eb nj\u00eb periudh\u00eb kur, nuk e mohoj, kur ky \u00e7akalli q\u00eb del \u00e7do nat\u00eb dhe flet nga Shallvaret apo nga Berlini thot\u00eb, bashk\u00eb me bosin e tij, Komisioni Europian n\u00eb nj\u00eb raport investigativ, i akuzon se k\u00ebta merrnin 150 mij\u00eb euro p\u00ebr nj\u00eb transferim, 200-300 mij\u00eb euro p\u00ebr nj\u00eb em\u00ebrim n\u00eb Tiran\u00eb. Po!<br \/>\nDhe t\u2019u them t\u00eb v\u00ebrtet\u00ebn, n\u00eb qoft\u00eb se ka nj\u00eb themel t\u00eb shkat\u00ebrrimit t\u00eb atij sistemi, q\u00ebndrojn\u00eb para s\u00eb gjithash k\u00ebta dy vet\u00eb. Ua them me keqardhjen m\u00eb t\u00eb madhe sepse k\u00ebt\u00eb praktik\u00eb nuk ndoqi Rexhep Meidani. Jo.<br \/>\nRexhep Meidani kreu detyr\u00ebn e kryetarit t\u00eb KLGJ q\u00eb ishte n\u00eb at\u00eb koh\u00eb.<br \/>\nKjo praktik\u00eb u instalua me k\u00ebta dy persona dhe ju mund t\u00eb b\u00ebni nj\u00eb hetim se \u00e7cfar\u00eb do u thon\u00eb gjykat\u00ebs dhe prokuror\u00eb.<br \/>\nNatyrisht un\u00eb k\u00ebrkova q\u00eb ta publikonin, se erdh\u00ebn dhe m\u00eb pyet\u00ebn mua. Menj\u00ebher\u00eb ta publikojm\u00eb, u thash\u00eb.<br \/>\nPor ata nuk e publikuan sepse t\u00eb dy k\u00ebta, ky \u00e7akalli q\u00eb ishte sekretar i p\u00ebrgjithsh\u00ebm i KLGJ-s\u00eb n\u00eb at\u00eb koh\u00eb, k\u00ebrkuan q\u00eb raporti t\u00eb mos b\u00ebhej publik.<br \/>\nPor sot u garantoj q\u00eb shifrat, krahasuar me at\u00eb koh\u00eb, jan\u00eb dy apo trefishuar.<br \/>\nSot, sidomos me shumat e pamasa, kolosale q\u00eb disponojn\u00eb kartelet e drog\u00ebs, pa kufi, mos u \u00e7udisni q\u00eb p\u00ebr gjykime t\u00eb caktuara jepen edhe dhjet\u00ebra milion\u00eb euro, nuk po them shifra se i kam, por sa t\u00eb sakta jan\u00eb, nuk e di.<br \/>\nPra, kurr\u00eb ndonj\u00ebher\u00eb Shqip\u00ebria nuk ka pasur nj\u00eb shkall\u00eb t\u00eb till\u00eb t\u00eb tmerrshme korrupsioni si\u00e7 ka sot&#8221;, tha Berisha.<\/p>\n","protected":false},"excerpt":{"rendered":"<p>Lideri i opozit\u00ebs, Sali Berisha, n\u00eb konferenc\u00ebn me gazetar\u00ebt ka akuzuar ish-presidentin Bamir Topi dhe ish-z\u00ebvend\u00ebs kryetarin e K\u00ebshillit t\u00eb Lart\u00eb t\u00eb Drejt\u00ebsis\u00eb, Kreshnik Spahiu si themeluesit e nj\u00eb praktike t\u00eb kalb\u00ebzuar q\u00eb, sipas tij, ka shkat\u00ebrruar themelet e drejt\u00ebsis\u00eb. Berisha tha se, sot ryshfeti ka arritur p\u00ebrmasa marramend\u00ebse, duke p\u00ebrmendur shifra q\u00eb, sipas tij, &hellip;<\/p>\n","protected":false},"author":4,"featured_media":116428,"comment_status":"closed","ping_status":"closed","sticky":false,"template":"","format":"standard","meta":{"footnotes":""},"categories":[37],"tags":[],"class_list":["post-116427","post","type-post","status-publish","format-standard","has-post-thumbnail","","category-politike"],"_links":{"self":[{"href":"https:\/\/rdnews.al\/index.php\/wp-json\/wp\/v2\/posts\/116427","targetHints":{"allow":["GET"]}}],"collection":[{"href":"https:\/\/rdnews.al\/index.php\/wp-json\/wp\/v2\/posts"}],"about":[{"href":"https:\/\/rdnews.al\/index.php\/wp-json\/wp\/v2\/types\/post"}],"author":[{"embeddable":true,"href":"https:\/\/rdnews.al\/index.php\/wp-json\/wp\/v2\/users\/4"}],"replies":[{"embeddable":true,"href":"https:\/\/rdnews.al\/index.php\/wp-json\/wp\/v2\/comments?post=116427"}],"version-history":[{"count":1,"href":"https:\/\/rdnews.al\/index.php\/wp-json\/wp\/v2\/posts\/116427\/revisions"}],"predecessor-version":[{"id":116429,"href":"https:\/\/rdnews.al\/index.php\/wp-json\/wp\/v2\/posts\/116427\/revisions\/116429"}],"wp:featuredmedia":[{"embeddable":true,"href":"https:\/\/rdnews.al\/index.php\/wp-json\/wp\/v2\/media\/116428"}],"wp:attachment":[{"href":"https:\/\/rdnews.al\/index.php\/wp-json\/wp\/v2\/media?parent=116427"}],"wp:term":[{"taxonomy":"category","embeddable":true,"href":"https:\/\/rdnews.al\/index.php\/wp-json\/wp\/v2\/categories?post=116427"},{"taxonomy":"post_tag","embeddable":true,"href":"https:\/\/rdnews.al\/index.php\/wp-json\/wp\/v2\/tags?post=116427"}],"curies":[{"name":"wp","href":"https:\/\/api.w.org\/{rel}","templated":true}]}}