{"id":116430,"date":"2025-06-12T16:43:12","date_gmt":"2025-06-12T16:43:12","guid":{"rendered":"https:\/\/rdnews.al\/?p=116430"},"modified":"2025-06-12T16:43:12","modified_gmt":"2025-06-12T16:43:12","slug":"ps-feston-pervjetorin","status":"publish","type":"post","link":"https:\/\/rdnews.al\/index.php\/2025\/06\/12\/ps-feston-pervjetorin\/","title":{"rendered":"PS feston p\u00ebrvjetorin"},"content":{"rendered":"<p><strong>Nga\u00a0Lutfi <\/strong><strong>DERVISHI<\/strong><\/p>\n<p>PS-ja gjithnj\u00eb e m\u00eb e madhe, Shqip\u00ebria gjithnj\u00eb e m\u00eb e vog\u00ebl.<\/p>\n<p>PS-ja ka hyr\u00eb n\u00eb mandatin e kat\u00ebrt t\u00eb qeverisjes (16 vjet). Edhe 16 vjet dhe feston 100-vjetorin e themelimit.<\/p>\n<p>N\u00eb 84 vjet, vet\u00ebm 3 kryetar\u00eb. Edhe Vatikani me 8 Pap\u00eb gjat\u00eb k\u00ebsaj kohe duket m\u00eb demokratik n\u00eb rotacion\u2026<\/p>\n<p>Nj\u00eb parti q\u00eb e ka hequr emrin \u201cPPSH\u201d, por ende s\u2019e ka hequr dot mallin p\u00ebr t\u00eb qen\u00eb parti e vetme.<\/p>\n<p>Nga Partia e Pun\u00ebs tek Partia Socialiste, ndryshoi emrin, por nuk ndryshoi zakoni i fitoreve plebishitare.<\/p>\n<p>\u00cbsht\u00eb e majt\u00eb n\u00eb em\u00ebr, e qendr\u00ebs n\u00eb retorik\u00eb, dhe e djatht\u00eb n\u00eb politikat ekonomike.<\/p>\n<p>\u00cbsht\u00eb partia q\u00eb luftoi kund\u00ebr pluralizmit\u2026 dhe tani kujdeset q\u00eb mos t\u00eb ket\u00eb pluraliz\u00ebm.<\/p>\n<p>T\u00eb rilind\u00ebsh do t\u00eb thot\u00eb se paske nd\u00ebrruar jet\u00eb nj\u00ebher\u00eb. Ka rilindur aq her\u00eb sa do ta kishte zili edhe Feniksi.<\/p>\n<p>Nga \u201cpartia e klas\u00ebs pun\u00ebtore\u201d u b\u00eb partia e \u201coligark\u00ebve\u201d.<\/p>\n<p>\u00cbsht\u00eb gjithmon\u00eb \u201cn\u00eb kriz\u00eb\u201d, por ushqehet nga krizat dhe kurr\u00eb nuk bie nga pushteti.<\/p>\n","protected":false},"excerpt":{"rendered":"<p>Nga\u00a0Lutfi DERVISHI PS-ja gjithnj\u00eb e m\u00eb e madhe, Shqip\u00ebria gjithnj\u00eb e m\u00eb e vog\u00ebl. PS-ja ka hyr\u00eb n\u00eb mandatin e kat\u00ebrt t\u00eb qeverisjes (16 vjet). Edhe 16 vjet dhe feston 100-vjetorin e themelimit. N\u00eb 84 vjet, vet\u00ebm 3 kryetar\u00eb. Edhe Vatikani me 8 Pap\u00eb gjat\u00eb k\u00ebsaj kohe duket m\u00eb demokratik n\u00eb rotacion\u2026 Nj\u00eb parti q\u00eb &hellip;<\/p>\n","protected":false},"author":4,"featured_media":116431,"comment_status":"closed","ping_status":"closed","sticky":false,"template":"","format":"standard","meta":{"footnotes":""},"categories":[44],"tags":[],"class_list":["post-116430","post","type-post","status-publish","format-standard","has-post-thumbnail","","category-editorial"],"_links":{"self":[{"href":"https:\/\/rdnews.al\/index.php\/wp-json\/wp\/v2\/posts\/116430","targetHints":{"allow":["GET"]}}],"collection":[{"href":"https:\/\/rdnews.al\/index.php\/wp-json\/wp\/v2\/posts"}],"about":[{"href":"https:\/\/rdnews.al\/index.php\/wp-json\/wp\/v2\/types\/post"}],"author":[{"embeddable":true,"href":"https:\/\/rdnews.al\/index.php\/wp-json\/wp\/v2\/users\/4"}],"replies":[{"embeddable":true,"href":"https:\/\/rdnews.al\/index.php\/wp-json\/wp\/v2\/comments?post=116430"}],"version-history":[{"count":1,"href":"https:\/\/rdnews.al\/index.php\/wp-json\/wp\/v2\/posts\/116430\/revisions"}],"predecessor-version":[{"id":116432,"href":"https:\/\/rdnews.al\/index.php\/wp-json\/wp\/v2\/posts\/116430\/revisions\/116432"}],"wp:featuredmedia":[{"embeddable":true,"href":"https:\/\/rdnews.al\/index.php\/wp-json\/wp\/v2\/media\/116431"}],"wp:attachment":[{"href":"https:\/\/rdnews.al\/index.php\/wp-json\/wp\/v2\/media?parent=116430"}],"wp:term":[{"taxonomy":"category","embeddable":true,"href":"https:\/\/rdnews.al\/index.php\/wp-json\/wp\/v2\/categories?post=116430"},{"taxonomy":"post_tag","embeddable":true,"href":"https:\/\/rdnews.al\/index.php\/wp-json\/wp\/v2\/tags?post=116430"}],"curies":[{"name":"wp","href":"https:\/\/api.w.org\/{rel}","templated":true}]}}