{"id":116436,"date":"2025-06-12T16:51:47","date_gmt":"2025-06-12T16:51:47","guid":{"rendered":"https:\/\/rdnews.al\/?p=116436"},"modified":"2025-06-12T16:51:47","modified_gmt":"2025-06-12T16:51:47","slug":"kushtetuesja-rames-jemi-te-pavarur-e-papranueshme-per-te-na-vene-ne-dyshim-autoritetin","status":"publish","type":"post","link":"https:\/\/rdnews.al\/index.php\/2025\/06\/12\/kushtetuesja-rames-jemi-te-pavarur-e-papranueshme-per-te-na-vene-ne-dyshim-autoritetin\/","title":{"rendered":"Kushtetuesja-Ram\u00ebs: Jemi t\u00eb pavarur! E papranueshme p\u00ebr t\u00eb na v\u00ebn\u00eb n\u00eb dyshim autoritetin!"},"content":{"rendered":"<p>Gjykata Kushtetuese, i \u00ebsht\u00eb p\u00ebrgjigjur akuzave t\u00eb Edi Ram\u00eb, i cili e konsideroi si nj\u00eb lajthitje vendimin e vitit 2022 t\u00eb Kushtetueses, e cila pranoi k\u00ebrkes\u00ebn e Unionit t\u00eb Gjyqtar\u00ebve p\u00ebr rritjen e pagave, dhe sipas kreut t\u00eb qeveris\u00eb, n\u00ebse kjo gjykat\u00eb pranon s\u00ebrish k\u00ebrkes\u00ebn e gjyqtar\u00ebve p\u00ebr rritjen e pagave ky do t\u00eb isht\u00eb nj\u00eb abuzim madhor, shum\u00ebdimensional, q\u00eb do t\u00eb c\u00ebnohej vet\u00eb Kushtetuta dhe serioziteti i Republik\u00ebs s\u00eb Shqip\u00ebris\u00eb.<\/p>\n<p>N\u00eb nj\u00eb reagim p\u00ebr mediat, Gjyakata Kushtetuuese thot\u00eb se ajo \u00ebsht\u00eb e pavarur n\u00eb ushtrimin e funksionit t\u00eb saj kushtetues dhe nuk ndikohet prej reagimeve t\u00eb ekzekutivit n\u00eb veprimtarin\u00eb ose vendimmarrjen e saj.<\/p>\n<p><strong>Reagimi<\/strong><\/p>\n<p>Duke marr\u00eb shkas nga q\u00ebndrime dhe reagime t\u00eb publikuara s\u00eb fundi n\u00eb media dhe n\u00eb rrjete sociale nga p\u00ebrfaq\u00ebsues t\u00eb pushteteve t\u00eb tjera, p\u00ebrfshi at\u00eb ekzekutiv, si dhe t\u00eb vet\u00eb medias, Gjykata Kushtetuese siguron publikun dhe pal\u00ebt n\u00eb proces se ajo \u00ebsht\u00eb e pavarur n\u00eb ushtrimin e funksionit t\u00eb saj kushtetues dhe nuk ndikohet prej tyre n\u00eb veprimtarin\u00eb ose vendimmarrjen e saj.<\/p>\n<p>Gjykata Kushtetuese gjen rastin t\u00eb ritheksoj\u00eb se vendimet e saj mund t\u00eb jen\u00eb objekt kritikash, megjithat\u00eb \u00ebsht\u00eb e papranueshme \u00e7do form\u00eb ndikimi, sikund\u00ebr \u00e7do p\u00ebrpjekje p\u00ebr t\u00eb v\u00ebn\u00eb n\u00eb dyshim autoritetin dhe reputacionin e saj, qoft\u00eb edhe n\u00eb dukje, \u00e7ka do t\u00eb cenonte vet\u00eb parimet themelore t\u00eb shtetit t\u00eb s\u00eb drejt\u00ebs dhe at\u00eb t\u00eb ndarjes dhe balancimit nd\u00ebrmjet pushteteve.<\/p>\n","protected":false},"excerpt":{"rendered":"<p>Gjykata Kushtetuese, i \u00ebsht\u00eb p\u00ebrgjigjur akuzave t\u00eb Edi Ram\u00eb, i cili e konsideroi si nj\u00eb lajthitje vendimin e vitit 2022 t\u00eb Kushtetueses, e cila pranoi k\u00ebrkes\u00ebn e Unionit t\u00eb Gjyqtar\u00ebve p\u00ebr rritjen e pagave, dhe sipas kreut t\u00eb qeveris\u00eb, n\u00ebse kjo gjykat\u00eb pranon s\u00ebrish k\u00ebrkes\u00ebn e gjyqtar\u00ebve p\u00ebr rritjen e pagave ky do t\u00eb isht\u00eb &hellip;<\/p>\n","protected":false},"author":4,"featured_media":71283,"comment_status":"closed","ping_status":"closed","sticky":false,"template":"","format":"standard","meta":{"footnotes":""},"categories":[37],"tags":[],"class_list":["post-116436","post","type-post","status-publish","format-standard","has-post-thumbnail","","category-politike"],"_links":{"self":[{"href":"https:\/\/rdnews.al\/index.php\/wp-json\/wp\/v2\/posts\/116436","targetHints":{"allow":["GET"]}}],"collection":[{"href":"https:\/\/rdnews.al\/index.php\/wp-json\/wp\/v2\/posts"}],"about":[{"href":"https:\/\/rdnews.al\/index.php\/wp-json\/wp\/v2\/types\/post"}],"author":[{"embeddable":true,"href":"https:\/\/rdnews.al\/index.php\/wp-json\/wp\/v2\/users\/4"}],"replies":[{"embeddable":true,"href":"https:\/\/rdnews.al\/index.php\/wp-json\/wp\/v2\/comments?post=116436"}],"version-history":[{"count":1,"href":"https:\/\/rdnews.al\/index.php\/wp-json\/wp\/v2\/posts\/116436\/revisions"}],"predecessor-version":[{"id":116437,"href":"https:\/\/rdnews.al\/index.php\/wp-json\/wp\/v2\/posts\/116436\/revisions\/116437"}],"wp:featuredmedia":[{"embeddable":true,"href":"https:\/\/rdnews.al\/index.php\/wp-json\/wp\/v2\/media\/71283"}],"wp:attachment":[{"href":"https:\/\/rdnews.al\/index.php\/wp-json\/wp\/v2\/media?parent=116436"}],"wp:term":[{"taxonomy":"category","embeddable":true,"href":"https:\/\/rdnews.al\/index.php\/wp-json\/wp\/v2\/categories?post=116436"},{"taxonomy":"post_tag","embeddable":true,"href":"https:\/\/rdnews.al\/index.php\/wp-json\/wp\/v2\/tags?post=116436"}],"curies":[{"name":"wp","href":"https:\/\/api.w.org\/{rel}","templated":true}]}}