{"id":116438,"date":"2025-06-12T17:18:05","date_gmt":"2025-06-12T17:18:05","guid":{"rendered":"https:\/\/rdnews.al\/?p=116438"},"modified":"2025-06-12T17:18:05","modified_gmt":"2025-06-12T17:18:05","slug":"ministri-ne-hetim-skedina-e-spak-balla-balluku-gjiknuri","status":"publish","type":"post","link":"https:\/\/rdnews.al\/index.php\/2025\/06\/12\/ministri-ne-hetim-skedina-e-spak-balla-balluku-gjiknuri\/","title":{"rendered":"Ministri n\u00eb hetim? Skedina e SPAK, Balla, Balluku, Gjiknuri?!!"},"content":{"rendered":"<p><strong>Nga\u00a0Basir \u00c7OLLAKU<\/strong><\/p>\n<p>Nga dje qarkollun nj\u00eb lajm kudo n\u00ebp\u00ebr medie, sikur Struktura e Posa\u00e7me ka b\u00ebr\u00eb me dije se nj\u00eb minist\u00ebr \u00ebsht\u00eb n\u00eb hetim. N\u00eb regjistrin e transparenc\u00ebs p\u00ebr muajin prill, gjendet edhe ky lajm. Natyrisht duke ditur tagrin ligjor t\u00eb k\u00ebsaj prokurorie, zot\u00ebria, me pak gjasa mund t\u00eb jet\u00eb edhe zonj\u00eb, sepse p\u00ebrmendet posti jo gjinia, hetohet p\u00ebr korrupsion, apo fshehje pasurie, veprat t\u00eb cilat mund t\u00eb konsumoj\u00eb nj\u00eb funksionar n\u00eb zyr\u00eb publike. Sepse t\u00eb ishte vrasje, do t\u00eb kishim d\u00ebgjuar krism\u00ebn. T\u00eb ishte trafik drog\u00eb, do kishte b\u00ebrtitur organizata ku merr pjes\u00eb. Duket se kemi nj\u00eb p\u00ebrs\u00ebritje t\u00eb rastit t\u00eb Vis Do\u00e7it, ku n\u00eb shkurt italian\u00ebt e DIA dhe amerikan\u00ebt e DEA, e n\u00eb mars Struktura lypnin n\u00eb Gjykat\u00ebn e Posa\u00e7me arrestin, por me 20 maj shp\u00ebrtheu haberi, dhjet\u00eb dit\u00eb pas zgjedhjeve.<br \/>\n<strong>Kush \u00ebsht\u00eb ky minist\u00ebr?<\/strong><br \/>\nP\u00ebrse prokuror\u00ebt e p\u00ebrcjellin si njoftim dhomazh plazhi, diet\u00eb dob\u00ebsimi, apo ulje \u00e7mimeve t\u00eb trangujve e domateve, ngaq\u00eb u shtua prodhimi vendas. Gjithnj\u00eb duke ditur pesh\u00ebn e ngjarjes para dhe pas dit\u00ebs s\u00eb votimeve me 11 maj ?<br \/>\nNatyrisht hetimi ka koh\u00eb, muaj sigurisht n\u00eb mos vite.<br \/>\n<strong>Po emri?<\/strong><br \/>\nPyetja \u00ebsht\u00eb k\u00eb ka v\u00ebn\u00eb n\u00eb renditje hetimi, p\u00ebr ta njoftuar t\u00eb paraqitret se pun\u00ebt kan\u00eb shkuar m\u00eb thell\u00eb. Nuk \u00ebsht\u00eb koh\u00eb as p\u00ebr konspiracion as dekonspirim. Emrat potencial\u00eb p\u00ebr t\u00eb qen\u00eb n\u00eb hetim prej m\u00eb shum\u00eb se nj\u00eb vitit jan\u00eb<br \/>\n<strong>Edi Rama<\/strong><br \/>\nDuke shkrepur me incenerator\u00ebt, \u00e7\u00ebshtja McGonigal, \u00e7\u00ebshtja e Ols v\u00ebllait me \u201cXibrak\u00ebn\u201d, ku nj\u00eb hetim pasuror duhej t\u00eb ishte mbaruar me koh\u00eb. Investimet strategjike ku mjaft trafikant\u00eb droge kan\u00eb marr\u00eb leje prej tij. Porti i Durr\u00ebsit, marrja e 22 mij\u00eb met\u00ebr katror tok\u00eb n\u00eb Gjipe p\u00ebr \u201cv\u00ebllan\u00eb\u201d e vog\u00ebl, e jo p\u00ebr vete, ku bukur fort m\u00eb pas, kurdis nj\u00eb investim tjet\u00ebr mbistrategjik ca milion\u00eb eurosh po aty. Ka mjaft t\u00eb tjera, ku emri i tij shfaqet aq shpesh si n\u00eb merkato futbollist\u00ebsh.<br \/>\n<strong>Taulant Balla<\/strong><br \/>\nNga Toyota auris e transportit t\u00eb miliona eurove t\u00eb trafikut,akuzat e shumta p\u00ebr lidhjet me Suel \u00c7el\u00ebn, band\u00ebn e Elbasanit, p\u00ebrmendjet n\u00eb dosjet e shumta t\u00eb sky-enchro, dosja e skandalit Tims<br \/>\n<strong>Belinda Balluku<\/strong><br \/>\nTre zyzrtar\u00eb t\u00eb kabinetit t\u00eb saj nga drejtori rrug\u00ebve Berberi kan\u00eb p\u00ebrfunduar n\u00eb gjykat\u00eb. Jan\u00eb t\u00eb tjera hetime, si rruga Thuman\u00eb-Kashar, tuneli Llogaras\u00eb, rruga e Arb\u00ebrit, agregat\u00ebt e energjis\u00eb n\u00eb Vlor\u00eb, aeroporti i Vlor\u00ebs, e shum\u00eb tendera flamujkuq n\u00ebn bekimin e saj.<br \/>\n<strong>Damian Gjiknuri<\/strong><br \/>\nHistoria hetimore e nisur me Unaz\u00ebn e Re n\u00eb Tiran\u00eb, e mjaft leje rrug\u00ebsh e voltaik\u00ebsh, jan\u00eb aty p\u00ebr t\u00eb verifikuar se sa vep\u00ebr penale ka kalaur para se t\u00eb n\u00ebnshkruhet. Natyrisht guruja inidian \u00ebsht\u00eb nj\u00eb novel\u00eb q\u00eb duhet ndaluar p\u00ebr ta ripar\u00eb, edhe t\u00eb dy indian\u00ebt e arratisur e n\u00eb k\u00ebrkim me 800 milion\u00eb euro q\u00eb u shqiptarizuan dhe b\u00ebn\u00eb investitor\u00eb t\u00eb m\u00ebdhenj n\u00eb Tiran\u00eb. Madje nj\u00ebri u saju konsull shqiptar n\u00ebp\u00ebr bot\u00eb fal\u00eb ndihm\u00ebs p\u00ebr sevdan\u00eb indiane dh\u00ebn\u00eb nga dy ministra. Nuk mungon inceneratori p\u00ebr t\u00eb cil\u00ebn struktura ka pohuar se jan\u00eb b\u00ebr\u00eb verifikime p\u00ebr disa nga veprimet e ministrit.<br \/>\n<strong>Pirro Vengu-Mirela Kumbaro<\/strong><br \/>\nIsh drejtori i Portit t\u00eb Durr\u00ebsit, kur u b\u00eb katastrofa e mbetjeve toksike, nj\u00eb alarm bot\u00ebror, shfaqet minist\u00ebr mbrojtjeje, sikur duhet mbrojtur ministri. Te mbetjet edhe zonja Kumbaro ishte gjat\u00eb procedur\u00ebs diku firm\u00ebtare. Esht\u00eb porti ku kan\u00eb kaluar ngarkesa t\u00eb shumta kokaine t\u00eb kapura n\u00eb portet e vendeve fqinje por n\u00eb Durr\u00ebs rehatia e mostrazimit sillej mir\u00eb me bandat.<br \/>\n<strong>Niko Peleshi<\/strong><br \/>\nIsh-minist\u00ebr mbrojtjeje, bujq\u00ebsie dhe ish-z\u00ebv\u00ebnd\u00ebskryeminist\u00ebr, vizit\u00ebn e b\u00ebri n\u00eb SPAK si i sh-kryebashkiak p\u00ebr nj\u00eb histori mat\u00ebsish uji. Ndon\u00ebse atje brenda uj\u00ebrat trazohen n\u00eb shum\u00eb vende. Nuk kan\u00eb munguar dyshimet p\u00ebr lidhjet me Zoto-M\u00ebrtiri e hetimet p\u00ebr favorizime jan\u00eb nj\u00eb nga mund\u00ebsit\u00eb.<br \/>\nSigurisht Blendi Goxhe mund t\u00eb mos jet\u00eb befasi hetimore, pasi denoncime nga detyra e m\u00ebparshme n\u00eb parcel\u00ebn e patentave nuk mungojn\u00eb. Pa u thelluar te jeta spanjolle.<br \/>\nEsht\u00eb kollaj t\u00eb listosh gjith\u00eb qeverin\u00eb dhe k\u00ebdo ka qen\u00eb minist\u00ebr i Ram\u00ebs m\u00eb her\u00ebt n\u00eb tre mandate, e t\u00eb gjesh emrat e tyre n\u00ebp\u00ebr dosjet e SPAK. Natyrisht pa hyr\u00eb te genocidi elektoral. N\u00ebse b\u00ebjm\u00eb renditje medaljesh p\u00ebr t\u00eb kapur skedin\u00ebn pa em\u00ebr t\u00eb Struktur\u00ebs s\u00eb Posa\u00e7me, ajo rrotullohet af\u00ebr treshes ministrore m\u00eb t\u00eb kuotuar hetimore, Taulant Balla, Belinda Balluku, Damian Gjiknuri.<\/p>\n","protected":false},"excerpt":{"rendered":"<p>Nga\u00a0Basir \u00c7OLLAKU Nga dje qarkollun nj\u00eb lajm kudo n\u00ebp\u00ebr medie, sikur Struktura e Posa\u00e7me ka b\u00ebr\u00eb me dije se nj\u00eb minist\u00ebr \u00ebsht\u00eb n\u00eb hetim. N\u00eb regjistrin e transparenc\u00ebs p\u00ebr muajin prill, gjendet edhe ky lajm. Natyrisht duke ditur tagrin ligjor t\u00eb k\u00ebsaj prokurorie, zot\u00ebria, me pak gjasa mund t\u00eb jet\u00eb edhe zonj\u00eb, sepse p\u00ebrmendet posti &hellip;<\/p>\n","protected":false},"author":4,"featured_media":83271,"comment_status":"closed","ping_status":"closed","sticky":false,"template":"","format":"standard","meta":{"footnotes":""},"categories":[37],"tags":[],"class_list":["post-116438","post","type-post","status-publish","format-standard","has-post-thumbnail","","category-politike"],"_links":{"self":[{"href":"https:\/\/rdnews.al\/index.php\/wp-json\/wp\/v2\/posts\/116438","targetHints":{"allow":["GET"]}}],"collection":[{"href":"https:\/\/rdnews.al\/index.php\/wp-json\/wp\/v2\/posts"}],"about":[{"href":"https:\/\/rdnews.al\/index.php\/wp-json\/wp\/v2\/types\/post"}],"author":[{"embeddable":true,"href":"https:\/\/rdnews.al\/index.php\/wp-json\/wp\/v2\/users\/4"}],"replies":[{"embeddable":true,"href":"https:\/\/rdnews.al\/index.php\/wp-json\/wp\/v2\/comments?post=116438"}],"version-history":[{"count":1,"href":"https:\/\/rdnews.al\/index.php\/wp-json\/wp\/v2\/posts\/116438\/revisions"}],"predecessor-version":[{"id":116439,"href":"https:\/\/rdnews.al\/index.php\/wp-json\/wp\/v2\/posts\/116438\/revisions\/116439"}],"wp:featuredmedia":[{"embeddable":true,"href":"https:\/\/rdnews.al\/index.php\/wp-json\/wp\/v2\/media\/83271"}],"wp:attachment":[{"href":"https:\/\/rdnews.al\/index.php\/wp-json\/wp\/v2\/media?parent=116438"}],"wp:term":[{"taxonomy":"category","embeddable":true,"href":"https:\/\/rdnews.al\/index.php\/wp-json\/wp\/v2\/categories?post=116438"},{"taxonomy":"post_tag","embeddable":true,"href":"https:\/\/rdnews.al\/index.php\/wp-json\/wp\/v2\/tags?post=116438"}],"curies":[{"name":"wp","href":"https:\/\/api.w.org\/{rel}","templated":true}]}}