{"id":116440,"date":"2025-06-12T17:40:16","date_gmt":"2025-06-12T17:40:16","guid":{"rendered":"https:\/\/rdnews.al\/?p=116440"},"modified":"2025-06-12T17:40:16","modified_gmt":"2025-06-12T17:40:16","slug":"berisha-mesazh-lamtumire-per-ish-kryeministrin-e-pare-te-republikes-se-kosoves-bujar-bukoshi","status":"publish","type":"post","link":"https:\/\/rdnews.al\/index.php\/2025\/06\/12\/berisha-mesazh-lamtumire-per-ish-kryeministrin-e-pare-te-republikes-se-kosoves-bujar-bukoshi\/","title":{"rendered":"Berisha mesazh lamtumire p\u00ebr ish-kryeministrin e par\u00eb t\u00eb Republik\u00ebs s\u00eb Kosov\u00ebs, Bujar Bukoshi"},"content":{"rendered":"<p>Kryetari i PD, Sali Berisha ka dh\u00ebn\u00eb mesazh lamtumire p\u00ebr kryeministrin e par\u00eb n\u00eb ekzil t\u00eb Republik\u00ebs s\u00eb Kosov\u00ebs, Bujar Bukoshi, i\u00a0cili u p\u00ebrcoll p\u00ebr n\u00eb banes\u00ebn e fundit k\u00ebt\u00eb t\u00eb enjte.<\/p>\n<p>N\u00eb nj\u00eb mesazh lamtumire, Berisha shkruan se, Bujar Bukoshi ishte nj\u00eb personalitet i shquar, nj\u00eb atdhetar i flakt\u00eb, nj\u00eb shtetar i formuar, i p\u00ebrkushtuar dhe trim, nj\u00eb nd\u00ebr themeluesit, n\u00eb krah t\u00eb presidentit Rugova, t\u00eb institucioneve t\u00eb shtetit paralel t\u00eb shqiptar\u00ebve t\u00eb Kosov\u00ebs s\u00eb pushtuar.<\/p>\n<p>Bujar Bukoshi, si kontribues madhor n\u00eb \u00e7\u00ebshtjen komb\u00ebtare, shkruan nd\u00ebr t\u00eb tjera kryedemokrati Berisha, ai luajti nj\u00eb rol kryesor n\u00eb organizimin e pushtetit paralel t\u00eb shqiptar\u00ebve t\u00eb shtypur n\u00eb Kosov\u00eb, pushtet q\u00eb i shk\u00ebputi ata p\u00ebrfundimisht nga shteti i pushtuesve.<\/p>\n<p><strong>Mesazhi i lamtumir\u00ebs<\/strong><\/p>\n<p>Lamtumir\u00eb Bujar Bukoshi<\/p>\n<p>Sot, familjar\u00ebt, qytetar\u00ebt dhe autoritetet e Prishtin\u00ebs p\u00ebrcoll\u00ebn me nderim dhe dhimbje, p\u00ebr n\u00eb banes\u00ebn e fundit, birin e shquar t\u00eb Kosov\u00ebs dhe t\u00eb kombit shqiptar, Dr. Bujar Bukoshin, ish-kryeministrin e par\u00eb t\u00eb Republik\u00ebs s\u00eb Kosov\u00ebs.<\/p>\n<p>Dr. Bujar Bukoshi ishte nj\u00eb personalitet i shquar, nj\u00eb atdhetar i flakt\u00eb, nj\u00eb shtetar i formuar, i p\u00ebrkushtuar dhe trim, nj\u00eb nd\u00ebr themeluesit, n\u00eb krah t\u00eb presidentit Rugova, t\u00eb institucioneve t\u00eb shtetit paralel t\u00eb shqiptar\u00ebve t\u00eb Kosov\u00ebs s\u00eb pushtuar. Ai u zgjodh si kryeministri i par\u00eb i qeveris\u00eb n\u00eb ekzil t\u00eb Republik\u00ebs s\u00eb Kosov\u00ebs. Si bashk\u00ebpun\u00ebtori m\u00eb i af\u00ebrt dhe m\u00eb i ngusht\u00eb i presidentit Rugova, Bujar Bukoshi dha nj\u00eb kontribut madhor n\u00eb \u00e7\u00ebshtjen komb\u00ebtare. Krahas presidentit Rugova, ai luajti nj\u00eb rol kryesor n\u00eb organizimin e pushtetit paralel t\u00eb shqiptar\u00ebve t\u00eb shtypur n\u00eb Kosov\u00eb, pushtet q\u00eb i shk\u00ebputi ata p\u00ebrfundimisht nga shteti i pushtuesve.<\/p>\n<p>Bujar Bukoshi, nj\u00eb intelektual atdhetar dhe diplomat i aft\u00eb, e p\u00ebrfaq\u00ebsoi Kosov\u00ebn, qytetar\u00ebt e saj dhe kauz\u00ebn e tyre me dinjitet t\u00eb ve\u00e7ant\u00eb n\u00eb t\u00eb gjitha institucionet nd\u00ebrkomb\u00ebtare dhe kancelarit\u00eb e vendeve t\u00eb lira. Ai ngriti n\u00eb mbar\u00eb bot\u00ebn Qendrat e Informacionit t\u00eb Republik\u00ebs s\u00eb Kosov\u00ebs, t\u00eb cilat ishin ambasadat e informimit t\u00eb komunitetit nd\u00ebrkomb\u00ebtar n\u00eb koh\u00eb reale p\u00ebr t\u00eb gjitha barbarit\u00eb, aparteidin, segregacionin dhe gjenocidin serb ndaj shqiptar\u00ebve n\u00eb Kosov\u00eb.<\/p>\n<p>S\u00eb bashku me presidentin Rugova, paraqit\u00ebn dhe mbrojt\u00ebn projektin e Kosov\u00ebs s\u00eb pavarur si zgjidhja e vetme dhe e drejt\u00eb p\u00ebr shqiptar\u00ebt e Kosov\u00ebs. Qeveria e drejtuar prej tij dhe Ministria e Mbrojtjes e k\u00ebsaj qeverie mb\u00ebshtet\u00ebn q\u00eb n\u00eb krye t\u00eb her\u00ebs fuqish\u00ebm krijimin e Ushtris\u00eb \u00c7lirimtare t\u00eb Kosov\u00ebs.<\/p>\n<p>N\u00ebn udh\u00ebheqjen e presidentit Rugova dhe kujdesin e drejtp\u00ebrdrejt\u00eb t\u00eb ish-kryeministrit Bukoshi dhe qeveris\u00eb s\u00eb tij, erdh\u00ebn n\u00eb Shqip\u00ebri p\u00ebr st\u00ebrvitje, p\u00ebrgatitje luftarake dhe armatim luft\u00ebtar\u00ebt e liris\u00eb, nd\u00ebr ta edhe komandanti legjendar Adem Jashari, t\u00eb cil\u00ebt do t\u00eb b\u00ebheshin themeluesit e Ushtris\u00eb \u00c7lirimtare t\u00eb Kosov\u00ebs.<\/p>\n<p>Qeveria Bukoshi dhe Ministria e Mbrojtjes e k\u00ebsaj qeverie organizuan gjat\u00eb luft\u00ebs forcat e armatosura t\u00eb qeveris\u00eb s\u00eb Kosov\u00ebs, t\u00eb cil\u00ebt luftuan me heroiz\u00ebm krah nj\u00ebsive t\u00eb U\u00c7K-s\u00eb p\u00ebr \u00e7lirimin e Kosov\u00ebs nga pushtuesi i eg\u00ebr serb.<\/p>\n<p>Me Dr. Bujar Bukoshin un\u00eb pata fatin t\u00eb bashk\u00ebpunoja ngusht\u00eb dhe p\u00ebr shum\u00eb vite.<\/p>\n<p>Me k\u00ebt\u00eb rast, un\u00eb i shpreh popullit t\u00eb Kosov\u00ebs, familjes, zonj\u00ebs Bukoshi dhe f\u00ebmij\u00ebve t\u00eb tyre, autoriteteve t\u00eb vendit ngush\u00ebllimet m\u00eb t\u00eb ndjera t\u00eb miat dhe t\u00eb Partis\u00eb Demokratike.<\/p>\n<p>I leht\u00eb qoft\u00eb p\u00ebr ty, o mik i paharruar, dheu i tok\u00ebs s\u00eb lir\u00eb t\u00eb Kosov\u00ebs!<\/p>\n<p>Lamtumir\u00eb Bujar Bukoshi!<\/p>\n","protected":false},"excerpt":{"rendered":"<p>Kryetari i PD, Sali Berisha ka dh\u00ebn\u00eb mesazh lamtumire p\u00ebr kryeministrin e par\u00eb n\u00eb ekzil t\u00eb Republik\u00ebs s\u00eb Kosov\u00ebs, Bujar Bukoshi, i\u00a0cili u p\u00ebrcoll p\u00ebr n\u00eb banes\u00ebn e fundit k\u00ebt\u00eb t\u00eb enjte. N\u00eb nj\u00eb mesazh lamtumire, Berisha shkruan se, Bujar Bukoshi ishte nj\u00eb personalitet i shquar, nj\u00eb atdhetar i flakt\u00eb, nj\u00eb shtetar i formuar, i &hellip;<\/p>\n","protected":false},"author":4,"featured_media":116183,"comment_status":"closed","ping_status":"closed","sticky":false,"template":"","format":"standard","meta":{"footnotes":""},"categories":[37],"tags":[],"class_list":["post-116440","post","type-post","status-publish","format-standard","has-post-thumbnail","","category-politike"],"_links":{"self":[{"href":"https:\/\/rdnews.al\/index.php\/wp-json\/wp\/v2\/posts\/116440","targetHints":{"allow":["GET"]}}],"collection":[{"href":"https:\/\/rdnews.al\/index.php\/wp-json\/wp\/v2\/posts"}],"about":[{"href":"https:\/\/rdnews.al\/index.php\/wp-json\/wp\/v2\/types\/post"}],"author":[{"embeddable":true,"href":"https:\/\/rdnews.al\/index.php\/wp-json\/wp\/v2\/users\/4"}],"replies":[{"embeddable":true,"href":"https:\/\/rdnews.al\/index.php\/wp-json\/wp\/v2\/comments?post=116440"}],"version-history":[{"count":1,"href":"https:\/\/rdnews.al\/index.php\/wp-json\/wp\/v2\/posts\/116440\/revisions"}],"predecessor-version":[{"id":116441,"href":"https:\/\/rdnews.al\/index.php\/wp-json\/wp\/v2\/posts\/116440\/revisions\/116441"}],"wp:featuredmedia":[{"embeddable":true,"href":"https:\/\/rdnews.al\/index.php\/wp-json\/wp\/v2\/media\/116183"}],"wp:attachment":[{"href":"https:\/\/rdnews.al\/index.php\/wp-json\/wp\/v2\/media?parent=116440"}],"wp:term":[{"taxonomy":"category","embeddable":true,"href":"https:\/\/rdnews.al\/index.php\/wp-json\/wp\/v2\/categories?post=116440"},{"taxonomy":"post_tag","embeddable":true,"href":"https:\/\/rdnews.al\/index.php\/wp-json\/wp\/v2\/tags?post=116440"}],"curies":[{"name":"wp","href":"https:\/\/api.w.org\/{rel}","templated":true}]}}