{"id":116502,"date":"2025-06-13T10:56:05","date_gmt":"2025-06-13T10:56:05","guid":{"rendered":"https:\/\/rdnews.al\/?p=116502"},"modified":"2025-06-13T10:56:05","modified_gmt":"2025-06-13T10:56:05","slug":"berisha-benet-becin-e-perdoren-si-limon-te-shtrydhur-vodhen-sebashku-dhe-po-e-flakin-tani","status":"publish","type":"post","link":"https:\/\/rdnews.al\/index.php\/2025\/06\/13\/berisha-benet-becin-e-perdoren-si-limon-te-shtrydhur-vodhen-sebashku-dhe-po-e-flakin-tani\/","title":{"rendered":"Berisha: Benet Becin e p\u00ebrdor\u00ebn si limon t\u00eb shtrydhur, vodh\u00ebn s\u00ebbashku dhe po e flakin tani!"},"content":{"rendered":"<p>Kryetari i PD, Sali Berisha u shpreh se, kryebashkiaku u Shkodr\u00ebs, Benet Beci u p\u00ebrdor nga pushteti pas vjedhjes s\u00eb p\u00ebrbashk\u00ebt, nd\u00ebrsa tanim\u00eb \u00ebsht\u00eb radha p\u00ebr ta flakur.<\/p>\n<p>N\u00eb konferenc\u00ebn me gazetar\u00ebt, Berisha tha se, fshehja ishte e q\u00ebllimt\u00eb nga prokurori i Posa\u00e7\u00ebm, Atrben Kraja.<\/p>\n<p>Sigurisht q\u00eb lajmi u mbajt i fsheht\u00eb fillimisht nga Arben Kraja, q\u00eb \u00ebsht\u00eb bashk\u00ebhajdut n\u00eb k\u00ebt\u00eb rast, b\u00ebri gjith\u00e7ka q\u00eb kjo \u00e7\u00ebshtje t\u00eb mos mbyllej, por kjo \u00e7\u00ebshtje ishte shum\u00eb evidente.<\/p>\n<p>\u201cMund t\u00eb them se e kam denoncuar si fakt n\u00eb m\u00ebnyr\u00eb t\u00eb p\u00ebrs\u00ebritur, por ajo \u00e7ka \u00ebsht\u00eb e v\u00ebrtet\u00eb p\u00ebr Becin, p\u00ebrdoret si limon i shtrydhur dhe flak\u00ebt.<\/p>\n<p>Vodh\u00ebn s\u00eb bashku me t\u00eb dhe e flakin tani.<\/p>\n<p>Kjo \u00ebsht\u00eb e v\u00ebrteta. T\u00eb kujtohen ty profesor\u00ebt e Harvardit, i pat\u00ebn botuar mediat. Po mir\u00eb, ata marrin kaq, po ne t\u00eb dy sa do marrim, ne q\u00eb nuk jemi t\u00eb Harvardit. Nj\u00eb nga ato\u201d, tha Berisha.<\/p>\n","protected":false},"excerpt":{"rendered":"<p>Kryetari i PD, Sali Berisha u shpreh se, kryebashkiaku u Shkodr\u00ebs, Benet Beci u p\u00ebrdor nga pushteti pas vjedhjes s\u00eb p\u00ebrbashk\u00ebt, nd\u00ebrsa tanim\u00eb \u00ebsht\u00eb radha p\u00ebr ta flakur. N\u00eb konferenc\u00ebn me gazetar\u00ebt, Berisha tha se, fshehja ishte e q\u00ebllimt\u00eb nga prokurori i Posa\u00e7\u00ebm, Atrben Kraja. Sigurisht q\u00eb lajmi u mbajt i fsheht\u00eb fillimisht nga Arben &hellip;<\/p>\n","protected":false},"author":4,"featured_media":112198,"comment_status":"closed","ping_status":"closed","sticky":false,"template":"","format":"standard","meta":{"footnotes":""},"categories":[37],"tags":[],"class_list":["post-116502","post","type-post","status-publish","format-standard","has-post-thumbnail","","category-politike"],"_links":{"self":[{"href":"https:\/\/rdnews.al\/index.php\/wp-json\/wp\/v2\/posts\/116502","targetHints":{"allow":["GET"]}}],"collection":[{"href":"https:\/\/rdnews.al\/index.php\/wp-json\/wp\/v2\/posts"}],"about":[{"href":"https:\/\/rdnews.al\/index.php\/wp-json\/wp\/v2\/types\/post"}],"author":[{"embeddable":true,"href":"https:\/\/rdnews.al\/index.php\/wp-json\/wp\/v2\/users\/4"}],"replies":[{"embeddable":true,"href":"https:\/\/rdnews.al\/index.php\/wp-json\/wp\/v2\/comments?post=116502"}],"version-history":[{"count":1,"href":"https:\/\/rdnews.al\/index.php\/wp-json\/wp\/v2\/posts\/116502\/revisions"}],"predecessor-version":[{"id":116503,"href":"https:\/\/rdnews.al\/index.php\/wp-json\/wp\/v2\/posts\/116502\/revisions\/116503"}],"wp:featuredmedia":[{"embeddable":true,"href":"https:\/\/rdnews.al\/index.php\/wp-json\/wp\/v2\/media\/112198"}],"wp:attachment":[{"href":"https:\/\/rdnews.al\/index.php\/wp-json\/wp\/v2\/media?parent=116502"}],"wp:term":[{"taxonomy":"category","embeddable":true,"href":"https:\/\/rdnews.al\/index.php\/wp-json\/wp\/v2\/categories?post=116502"},{"taxonomy":"post_tag","embeddable":true,"href":"https:\/\/rdnews.al\/index.php\/wp-json\/wp\/v2\/tags?post=116502"}],"curies":[{"name":"wp","href":"https:\/\/api.w.org\/{rel}","templated":true}]}}