{"id":116504,"date":"2025-06-13T10:59:33","date_gmt":"2025-06-13T10:59:33","guid":{"rendered":"https:\/\/rdnews.al\/?p=116504"},"modified":"2025-06-13T11:00:20","modified_gmt":"2025-06-13T11:00:20","slug":"zgjedhjet-per-tiranen-berisha-mbeshtes-propozimin-per-nje-kandidat-te-perbashket-nga-opozita-por-jo-njeri-jopolitik","status":"publish","type":"post","link":"https:\/\/rdnews.al\/index.php\/2025\/06\/13\/zgjedhjet-per-tiranen-berisha-mbeshtes-propozimin-per-nje-kandidat-te-perbashket-nga-opozita-por-jo-njeri-jopolitik\/","title":{"rendered":"Zgjedhjet p\u00ebr Tiran\u00ebn\/ Berisha: Mb\u00ebshtes propozimin p\u00ebr kandidat t\u00eb p\u00ebrbashk\u00ebt nga opozita, por jo njeri jopolitik"},"content":{"rendered":"<p>Kryetari i Partis\u00eb Demokratike, Sali Berisha ka mb\u00ebshtetur propozimin e partive t\u00eb tjera n\u00eb opozit\u00eb p\u00ebr t\u00eb dal\u00eb me nj\u00eb kandidat t\u00eb vet\u00ebm n\u00eb zgjedhjet e pjesshme lokale q\u00eb pritet t\u00eb zhvillohen p\u00ebr Bashkin\u00eb Tiran\u00eb.<\/p>\n<p>\u2018Mb\u00ebshtes propozimin p\u00ebr nj\u00eb kandidat t\u00eb p\u00ebrbashk\u00ebt nga opozita, por nuk duhet t\u00eb jet\u00eb njeri jopolitik\u2019, u shpreh Berisha gjat\u00eb konferenc\u00ebs p\u00ebr media n\u00eb selin\u00eb blu.<\/p>\n<p>\u201cP\u00ebr t\u00eb dal\u00eb partit\u00eb opozitare m\u00eb nj\u00eb kandidat, k\u00ebt\u00eb e mb\u00ebshtes plot\u00ebsisht.<\/p>\n<p>Por q\u00eb t\u00eb pretendohet t\u00eb zgjidhet kryetari i bashkis\u00eb s\u00eb kryeqytetit, nj\u00eb njeri jopolitik, nj\u00eb gj\u00eb t\u00eb till\u00eb nuk e kam d\u00ebgjuar ndonj\u00ebher\u00eb.<\/p>\n<p>Sepse ai t\u00eb pakt\u00ebn duhet t\u00eb ket\u00eb nj\u00eb program, n\u00eb t\u00eb cilin \u00e7monton t\u00eb gjith\u00eb bat\u00ebrdin\u00eb bazuar n\u00eb politik\u00ebn e narkoshtetit n\u00eb Tiran\u00eb.<\/p>\n<p>Nuk di se \u00e7\u2019n\u00ebnkuptohet me kandidat apolitik, nuk e kam t\u00eb qart\u00eb, por p\u00ebr nj\u00eb kandidat t\u00eb p\u00ebrbashk\u00ebt, plot\u00ebsisht e drejt\u00eb \u00ebsht\u00eb si sugjerim\u201d, tha Berisha.<\/p>\n","protected":false},"excerpt":{"rendered":"<p>Kryetari i Partis\u00eb Demokratike, Sali Berisha ka mb\u00ebshtetur propozimin e partive t\u00eb tjera n\u00eb opozit\u00eb p\u00ebr t\u00eb dal\u00eb me nj\u00eb kandidat t\u00eb vet\u00ebm n\u00eb zgjedhjet e pjesshme lokale q\u00eb pritet t\u00eb zhvillohen p\u00ebr Bashkin\u00eb Tiran\u00eb. \u2018Mb\u00ebshtes propozimin p\u00ebr nj\u00eb kandidat t\u00eb p\u00ebrbashk\u00ebt nga opozita, por nuk duhet t\u00eb jet\u00eb njeri jopolitik\u2019, u shpreh Berisha gjat\u00eb &hellip;<\/p>\n","protected":false},"author":4,"featured_media":116505,"comment_status":"closed","ping_status":"closed","sticky":false,"template":"","format":"standard","meta":{"footnotes":""},"categories":[37],"tags":[],"class_list":["post-116504","post","type-post","status-publish","format-standard","has-post-thumbnail","","category-politike"],"_links":{"self":[{"href":"https:\/\/rdnews.al\/index.php\/wp-json\/wp\/v2\/posts\/116504","targetHints":{"allow":["GET"]}}],"collection":[{"href":"https:\/\/rdnews.al\/index.php\/wp-json\/wp\/v2\/posts"}],"about":[{"href":"https:\/\/rdnews.al\/index.php\/wp-json\/wp\/v2\/types\/post"}],"author":[{"embeddable":true,"href":"https:\/\/rdnews.al\/index.php\/wp-json\/wp\/v2\/users\/4"}],"replies":[{"embeddable":true,"href":"https:\/\/rdnews.al\/index.php\/wp-json\/wp\/v2\/comments?post=116504"}],"version-history":[{"count":2,"href":"https:\/\/rdnews.al\/index.php\/wp-json\/wp\/v2\/posts\/116504\/revisions"}],"predecessor-version":[{"id":116507,"href":"https:\/\/rdnews.al\/index.php\/wp-json\/wp\/v2\/posts\/116504\/revisions\/116507"}],"wp:featuredmedia":[{"embeddable":true,"href":"https:\/\/rdnews.al\/index.php\/wp-json\/wp\/v2\/media\/116505"}],"wp:attachment":[{"href":"https:\/\/rdnews.al\/index.php\/wp-json\/wp\/v2\/media?parent=116504"}],"wp:term":[{"taxonomy":"category","embeddable":true,"href":"https:\/\/rdnews.al\/index.php\/wp-json\/wp\/v2\/categories?post=116504"},{"taxonomy":"post_tag","embeddable":true,"href":"https:\/\/rdnews.al\/index.php\/wp-json\/wp\/v2\/tags?post=116504"}],"curies":[{"name":"wp","href":"https:\/\/api.w.org\/{rel}","templated":true}]}}