{"id":116511,"date":"2025-06-13T11:10:51","date_gmt":"2025-06-13T11:10:51","guid":{"rendered":"https:\/\/rdnews.al\/?p=116511"},"modified":"2025-06-13T11:10:51","modified_gmt":"2025-06-13T11:10:51","slug":"rama-te-dasma-e-soros-berisha-aty-do-gjeje-aferen-mcgonigal-te-hapur-ajo-dosje-nuk-mbyllet-kurre","status":"publish","type":"post","link":"https:\/\/rdnews.al\/index.php\/2025\/06\/13\/rama-te-dasma-e-soros-berisha-aty-do-gjeje-aferen-mcgonigal-te-hapur-ajo-dosje-nuk-mbyllet-kurre\/","title":{"rendered":"Rama te dasma e Soros\/ Berisha: Aty do gjej\u00eb afer\u00ebn McGonigal t\u00eb hapur, ajo dosje nuk mbyllet kurr\u00eb!"},"content":{"rendered":"<p>Lideri i opozit\u00ebs, Sali Berisha foli gjat\u00eb konferenc\u00ebs p\u00ebr mediat edhe p\u00ebr vizit\u00ebn e kryeministrit Edi Rama n\u00eb ShBA te dasma e Aleks Soros. Berisha tha se, aty do gjej\u00eb afer\u00ebn McGonigal t\u00eb hapur, ajo dosje nuk mbyllet kurr\u00eb.<\/p>\n<p>\u201cEdi Rama \u00ebsht\u00eb i gozhduar dhe \u00e7do dit\u00eb do gozhdohet m\u00eb shum\u00eb.<\/p>\n<p>Dometh\u00ebn\u00eb, lagimi i tij i p\u00ebrkohsh\u00ebm, por atje shkon dhe atje gjen nj\u00eb zjarr t\u00eb ndezur.<\/p>\n<p>Gjen afer\u00ebn McGonigal t\u00eb hapur, n\u00eb nj\u00eb koh\u00eb kur ky \u00ebsht\u00eb personazh kryesor n\u00eb at\u00eb afer\u00eb.<\/p>\n<p>Dhe i them, mos u lodh se \u00e7fda\u00ebrdo p\u00ebrpjekje q\u00eb t\u00eb b\u00ebsh, ajo dosje nuk mbyllet kurr\u00eb.<\/p>\n<p>Ajo mbyllet vet\u00ebm pasi ti t\u00eb shkosh te McGonigal.<\/p>\n<p>Rruga e vetme e mbylljes \u00ebsht\u00eb ndarja e krimit dhe p\u00ebrgjegj\u00ebsis\u00eb p\u00ebr krimin me McGonigal\u201d, tha Berisha.<\/p>\n","protected":false},"excerpt":{"rendered":"<p>Lideri i opozit\u00ebs, Sali Berisha foli gjat\u00eb konferenc\u00ebs p\u00ebr mediat edhe p\u00ebr vizit\u00ebn e kryeministrit Edi Rama n\u00eb ShBA te dasma e Aleks Soros. Berisha tha se, aty do gjej\u00eb afer\u00ebn McGonigal t\u00eb hapur, ajo dosje nuk mbyllet kurr\u00eb. \u201cEdi Rama \u00ebsht\u00eb i gozhduar dhe \u00e7do dit\u00eb do gozhdohet m\u00eb shum\u00eb. Dometh\u00ebn\u00eb, lagimi i tij &hellip;<\/p>\n","protected":false},"author":4,"featured_media":116443,"comment_status":"closed","ping_status":"closed","sticky":false,"template":"","format":"standard","meta":{"footnotes":""},"categories":[37],"tags":[],"class_list":["post-116511","post","type-post","status-publish","format-standard","has-post-thumbnail","","category-politike"],"_links":{"self":[{"href":"https:\/\/rdnews.al\/index.php\/wp-json\/wp\/v2\/posts\/116511","targetHints":{"allow":["GET"]}}],"collection":[{"href":"https:\/\/rdnews.al\/index.php\/wp-json\/wp\/v2\/posts"}],"about":[{"href":"https:\/\/rdnews.al\/index.php\/wp-json\/wp\/v2\/types\/post"}],"author":[{"embeddable":true,"href":"https:\/\/rdnews.al\/index.php\/wp-json\/wp\/v2\/users\/4"}],"replies":[{"embeddable":true,"href":"https:\/\/rdnews.al\/index.php\/wp-json\/wp\/v2\/comments?post=116511"}],"version-history":[{"count":1,"href":"https:\/\/rdnews.al\/index.php\/wp-json\/wp\/v2\/posts\/116511\/revisions"}],"predecessor-version":[{"id":116512,"href":"https:\/\/rdnews.al\/index.php\/wp-json\/wp\/v2\/posts\/116511\/revisions\/116512"}],"wp:featuredmedia":[{"embeddable":true,"href":"https:\/\/rdnews.al\/index.php\/wp-json\/wp\/v2\/media\/116443"}],"wp:attachment":[{"href":"https:\/\/rdnews.al\/index.php\/wp-json\/wp\/v2\/media?parent=116511"}],"wp:term":[{"taxonomy":"category","embeddable":true,"href":"https:\/\/rdnews.al\/index.php\/wp-json\/wp\/v2\/categories?post=116511"},{"taxonomy":"post_tag","embeddable":true,"href":"https:\/\/rdnews.al\/index.php\/wp-json\/wp\/v2\/tags?post=116511"}],"curies":[{"name":"wp","href":"https:\/\/api.w.org\/{rel}","templated":true}]}}