{"id":116513,"date":"2025-06-13T11:13:03","date_gmt":"2025-06-13T11:13:03","guid":{"rendered":"https:\/\/rdnews.al\/?p=116513"},"modified":"2025-06-13T11:13:03","modified_gmt":"2025-06-13T11:13:03","slug":"berisha-gazetares-se-report-tv-kerkove-provat-per-trenin-bullgar-por-nuk-erdhe-kur-i-paraqita-ketu","status":"publish","type":"post","link":"https:\/\/rdnews.al\/index.php\/2025\/06\/13\/berisha-gazetares-se-report-tv-kerkove-provat-per-trenin-bullgar-por-nuk-erdhe-kur-i-paraqita-ketu\/","title":{"rendered":"Berisha-gazetares s\u00eb Report TV: K\u00ebrkove provat p\u00ebr Trenin Bullgar, por nuk erdhe kur i paraqita k\u00ebtu"},"content":{"rendered":"<p>Kryetari i PD, Sali Berisha ka nxjerr\u00eb blof, gazetaren e Report Tv, e cila p\u00ebrpiqej t\u00eb intimidonte liderin demokrat se nuk kishte prova p\u00ebr\u00a0fenomenin e \u2018trenit bullgar\u2019.<\/p>\n<p>N\u00eb kund\u00ebrp\u00ebrgjigje, Berisha n\u00eb konferenc\u00ebn me gazetar\u00eb, p\u00ebrfshir\u00eb dhe at\u00eb t\u00eb Report Tv, iu p\u00ebrgjigj duke i th\u00ebn\u00eb se provat jan\u00eb b\u00ebr\u00eb publike nga vet\u00eb ai gjat\u00eb daljeve publike n\u00eb selin\u00eb blu, porse nuk ka qen\u00eb e pranishme n\u00eb konferenc\u00eb p\u00ebr t\u2019i pasyqruar.<\/p>\n<p>\u201cP\u00ebrfaq\u00ebsues t\u00eb PD jan\u00eb \u00e7do nat\u00eb n\u00eb ato media q\u00eb i ftojn\u00eb, se ka media q\u00eb nuk i ftojn\u00eb.<\/p>\n<p>Kan\u00eb qen\u00eb pa p\u00ebrjashtim, t\u00eb mos t\u00eb jap list\u00ebn. Kan\u00eb qen\u00eb n\u00eb t\u00eb gjitha emisionet q\u00eb jan\u00eb ftuar.<\/p>\n<p>Kan\u00eb qen\u00eb n\u00eb t\u00eb gjitha mediat q\u00eb jan\u00eb ftuar.<\/p>\n<p>Konferenca e shtypit \u00ebsht\u00eb e kryetarit dhe paraqet k\u00ebtu t\u00ebr\u00ebsin\u00eb e provave, fakteve t\u00eb fars\u00ebs elektorale.<\/p>\n<p>Pra, me respekt ndaj qytetar\u00ebve dhe medias, p\u00ebrfshi edhe ju, tjet\u00ebr pun\u00eb se nj\u00eb dit\u00eb k\u00ebrkon se ku jan\u00eb t\u00eb dh\u00ebnat e Trenit Bullgar, dit\u00ebn tjet\u00ebr ti mungon dhe mbetesh ta shoh\u00ebsh n\u00eb media.<\/p>\n<p>Pra, k\u00ebto jan\u00eb.<\/p>\n<p>E r\u00ebnd\u00ebsishme \u00ebsht\u00eb q\u00eb k\u00ebtu po b\u00ebhet zb\u00ebrthimi me fakte, dokumente zyrtare i fars\u00ebs s\u00eb turpshme t\u00eb 11 Majit 2025\u201d, tha Berisha.<\/p>\n","protected":false},"excerpt":{"rendered":"<p>Kryetari i PD, Sali Berisha ka nxjerr\u00eb blof, gazetaren e Report Tv, e cila p\u00ebrpiqej t\u00eb intimidonte liderin demokrat se nuk kishte prova p\u00ebr\u00a0fenomenin e \u2018trenit bullgar\u2019. N\u00eb kund\u00ebrp\u00ebrgjigje, Berisha n\u00eb konferenc\u00ebn me gazetar\u00eb, p\u00ebrfshir\u00eb dhe at\u00eb t\u00eb Report Tv, iu p\u00ebrgjigj duke i th\u00ebn\u00eb se provat jan\u00eb b\u00ebr\u00eb publike nga vet\u00eb ai gjat\u00eb daljeve &hellip;<\/p>\n","protected":false},"author":4,"featured_media":116489,"comment_status":"closed","ping_status":"closed","sticky":false,"template":"","format":"standard","meta":{"footnotes":""},"categories":[37],"tags":[],"class_list":["post-116513","post","type-post","status-publish","format-standard","has-post-thumbnail","","category-politike"],"_links":{"self":[{"href":"https:\/\/rdnews.al\/index.php\/wp-json\/wp\/v2\/posts\/116513","targetHints":{"allow":["GET"]}}],"collection":[{"href":"https:\/\/rdnews.al\/index.php\/wp-json\/wp\/v2\/posts"}],"about":[{"href":"https:\/\/rdnews.al\/index.php\/wp-json\/wp\/v2\/types\/post"}],"author":[{"embeddable":true,"href":"https:\/\/rdnews.al\/index.php\/wp-json\/wp\/v2\/users\/4"}],"replies":[{"embeddable":true,"href":"https:\/\/rdnews.al\/index.php\/wp-json\/wp\/v2\/comments?post=116513"}],"version-history":[{"count":1,"href":"https:\/\/rdnews.al\/index.php\/wp-json\/wp\/v2\/posts\/116513\/revisions"}],"predecessor-version":[{"id":116514,"href":"https:\/\/rdnews.al\/index.php\/wp-json\/wp\/v2\/posts\/116513\/revisions\/116514"}],"wp:featuredmedia":[{"embeddable":true,"href":"https:\/\/rdnews.al\/index.php\/wp-json\/wp\/v2\/media\/116489"}],"wp:attachment":[{"href":"https:\/\/rdnews.al\/index.php\/wp-json\/wp\/v2\/media?parent=116513"}],"wp:term":[{"taxonomy":"category","embeddable":true,"href":"https:\/\/rdnews.al\/index.php\/wp-json\/wp\/v2\/categories?post=116513"},{"taxonomy":"post_tag","embeddable":true,"href":"https:\/\/rdnews.al\/index.php\/wp-json\/wp\/v2\/tags?post=116513"}],"curies":[{"name":"wp","href":"https:\/\/api.w.org\/{rel}","templated":true}]}}