{"id":116515,"date":"2025-06-13T11:30:37","date_gmt":"2025-06-13T11:30:37","guid":{"rendered":"https:\/\/rdnews.al\/?p=116515"},"modified":"2025-06-13T11:30:37","modified_gmt":"2025-06-13T11:30:37","slug":"berisha-pozicioni-i-zotit-salianji-ne-pd-do-te-jete-pozicion-beteje","status":"publish","type":"post","link":"https:\/\/rdnews.al\/index.php\/2025\/06\/13\/berisha-pozicioni-i-zotit-salianji-ne-pd-do-te-jete-pozicion-beteje\/","title":{"rendered":"Berisha: Pozicioni i zotit Salianji n\u00eb PD do t\u00eb jet\u00eb pozicion beteje!"},"content":{"rendered":"<p>Kryetari i PD, Sali Berisha, n\u00eb konferenc\u00ebn me gazetar\u00ebt,duke iu p\u00ebrgjigjur interesit t\u00eb gazetar\u00ebve tha se, pozicioni i zotit Salianji n\u00eb PD do t\u00eb jet\u00eb pozicion beteje.<\/p>\n<p>\u201cPozicioni i zotit Salianji n\u00eb PD do jet\u00eb pozicion beteje\u201d,\u00a0u shpreh nd\u00ebr t\u00eb tjera Berisha, pas interesimit t\u00eb gazetar\u00ebve p\u00ebr t\u00eb ardhmen e ish-ligjv\u00ebn\u00ebsit demokrat, Ervin Salianji.<\/p>\n","protected":false},"excerpt":{"rendered":"<p>Kryetari i PD, Sali Berisha, n\u00eb konferenc\u00ebn me gazetar\u00ebt,duke iu p\u00ebrgjigjur interesit t\u00eb gazetar\u00ebve tha se, pozicioni i zotit Salianji n\u00eb PD do t\u00eb jet\u00eb pozicion beteje. \u201cPozicioni i zotit Salianji n\u00eb PD do jet\u00eb pozicion beteje\u201d,\u00a0u shpreh nd\u00ebr t\u00eb tjera Berisha, pas interesimit t\u00eb gazetar\u00ebve p\u00ebr t\u00eb ardhmen e ish-ligjv\u00ebn\u00ebsit demokrat, Ervin Salianji.<\/p>\n","protected":false},"author":4,"featured_media":97291,"comment_status":"closed","ping_status":"closed","sticky":false,"template":"","format":"standard","meta":{"footnotes":""},"categories":[37],"tags":[],"class_list":["post-116515","post","type-post","status-publish","format-standard","has-post-thumbnail","","category-politike"],"_links":{"self":[{"href":"https:\/\/rdnews.al\/index.php\/wp-json\/wp\/v2\/posts\/116515","targetHints":{"allow":["GET"]}}],"collection":[{"href":"https:\/\/rdnews.al\/index.php\/wp-json\/wp\/v2\/posts"}],"about":[{"href":"https:\/\/rdnews.al\/index.php\/wp-json\/wp\/v2\/types\/post"}],"author":[{"embeddable":true,"href":"https:\/\/rdnews.al\/index.php\/wp-json\/wp\/v2\/users\/4"}],"replies":[{"embeddable":true,"href":"https:\/\/rdnews.al\/index.php\/wp-json\/wp\/v2\/comments?post=116515"}],"version-history":[{"count":1,"href":"https:\/\/rdnews.al\/index.php\/wp-json\/wp\/v2\/posts\/116515\/revisions"}],"predecessor-version":[{"id":116516,"href":"https:\/\/rdnews.al\/index.php\/wp-json\/wp\/v2\/posts\/116515\/revisions\/116516"}],"wp:featuredmedia":[{"embeddable":true,"href":"https:\/\/rdnews.al\/index.php\/wp-json\/wp\/v2\/media\/97291"}],"wp:attachment":[{"href":"https:\/\/rdnews.al\/index.php\/wp-json\/wp\/v2\/media?parent=116515"}],"wp:term":[{"taxonomy":"category","embeddable":true,"href":"https:\/\/rdnews.al\/index.php\/wp-json\/wp\/v2\/categories?post=116515"},{"taxonomy":"post_tag","embeddable":true,"href":"https:\/\/rdnews.al\/index.php\/wp-json\/wp\/v2\/tags?post=116515"}],"curies":[{"name":"wp","href":"https:\/\/api.w.org\/{rel}","templated":true}]}}