{"id":116607,"date":"2025-06-15T20:15:46","date_gmt":"2025-06-15T20:15:46","guid":{"rendered":"https:\/\/rdnews.al\/?p=116607"},"modified":"2025-06-15T20:15:46","modified_gmt":"2025-06-15T20:15:46","slug":"paralajmerimi-i-trump-do-kemi-paqe-mes-izraelit-dhe-iranit-se-shpejti","status":"publish","type":"post","link":"https:\/\/rdnews.al\/index.php\/2025\/06\/15\/paralajmerimi-i-trump-do-kemi-paqe-mes-izraelit-dhe-iranit-se-shpejti\/","title":{"rendered":"Paralajm\u00ebrimi i Trump: Do kemi paqe mes Izraelit dhe Iranit s\u00eb shpejti"},"content":{"rendered":"<p><strong>Reagimi i Donald Trump:<\/strong><\/p>\n<p>Irani dhe Izraeli duhet t\u00eb b\u00ebjn\u00eb nj\u00eb marr\u00ebveshje, dhe do t\u00eb b\u00ebjn\u00eb nj\u00eb marr\u00ebveshje, ashtu si\u00e7 i b\u00ebra t\u00eb b\u00ebnin India dhe Pakistani, n\u00eb at\u00eb rast duke p\u00ebrdorur TREGTIN\u00cb me Shtetet e Bashkuara p\u00ebr t\u00eb sjell\u00eb arsye, kohezion dhe mendje t\u00eb sh\u00ebndosh\u00eb n\u00eb bisedime me dy udh\u00ebheq\u00ebs t\u00eb shk\u00eblqyer t\u00eb cil\u00ebt ishin n\u00eb gjendje t\u00eb merrnin shpejt nj\u00eb vendim dhe t\u00eb NDALOJN\u00cb!<\/p>\n<p>Gjithashtu, gjat\u00eb mandatit tim t\u00eb par\u00eb, Serbia dhe Kosova po e p\u00ebrballonin me forc\u00eb, si\u00e7 kan\u00eb b\u00ebr\u00eb p\u00ebr shum\u00eb dekada, dhe ky konflikt i gjat\u00eb ishte gati t\u00eb shp\u00ebrthente n\u00eb LUFT\u00cb. Un\u00eb e ndalova at\u00eb (Biden ka d\u00ebmtuar perspektivat afatgjata me disa vendime shum\u00eb budallaqe, por do ta rregulloj p\u00ebrs\u00ebri!). Nj\u00eb rast tjet\u00ebr \u00ebsht\u00eb Egjipti dhe Etiopia, dhe lufta e tyre p\u00ebr nj\u00eb dig\u00eb masive q\u00eb po ndikon n\u00eb lumin madh\u00ebshtor Nil. Ka paqe, t\u00eb pakt\u00ebn p\u00ebr momentin, p\u00ebr shkak t\u00eb nd\u00ebrhyrjes sime, dhe do t\u00eb mbetet k\u00ebshtu! Po k\u00ebshtu, do t\u00eb kemi PAQE, s\u00eb shpejti, midis Izraelit dhe Iranit! Shum\u00eb telefonata dhe takime po zhvillohen tani. Un\u00eb b\u00ebj shum\u00eb dhe nuk marr kurr\u00eb merita p\u00ebr asgj\u00eb, por kjo \u00ebsht\u00eb n\u00eb rregull, POPULLI e kupton. B\u00cbJENI LINDJEN E MESME T\u00cb MADHE P\u00cbRS\u00cbRI!<\/p>\n","protected":false},"excerpt":{"rendered":"<p>Reagimi i Donald Trump: Irani dhe Izraeli duhet t\u00eb b\u00ebjn\u00eb nj\u00eb marr\u00ebveshje, dhe do t\u00eb b\u00ebjn\u00eb nj\u00eb marr\u00ebveshje, ashtu si\u00e7 i b\u00ebra t\u00eb b\u00ebnin India dhe Pakistani, n\u00eb at\u00eb rast duke p\u00ebrdorur TREGTIN\u00cb me Shtetet e Bashkuara p\u00ebr t\u00eb sjell\u00eb arsye, kohezion dhe mendje t\u00eb sh\u00ebndosh\u00eb n\u00eb bisedime me dy udh\u00ebheq\u00ebs t\u00eb shk\u00eblqyer t\u00eb cil\u00ebt &hellip;<\/p>\n","protected":false},"author":3,"featured_media":116608,"comment_status":"closed","ping_status":"closed","sticky":false,"template":"","format":"standard","meta":{"footnotes":""},"categories":[38],"tags":[],"class_list":["post-116607","post","type-post","status-publish","format-standard","has-post-thumbnail","","category-bota"],"_links":{"self":[{"href":"https:\/\/rdnews.al\/index.php\/wp-json\/wp\/v2\/posts\/116607","targetHints":{"allow":["GET"]}}],"collection":[{"href":"https:\/\/rdnews.al\/index.php\/wp-json\/wp\/v2\/posts"}],"about":[{"href":"https:\/\/rdnews.al\/index.php\/wp-json\/wp\/v2\/types\/post"}],"author":[{"embeddable":true,"href":"https:\/\/rdnews.al\/index.php\/wp-json\/wp\/v2\/users\/3"}],"replies":[{"embeddable":true,"href":"https:\/\/rdnews.al\/index.php\/wp-json\/wp\/v2\/comments?post=116607"}],"version-history":[{"count":1,"href":"https:\/\/rdnews.al\/index.php\/wp-json\/wp\/v2\/posts\/116607\/revisions"}],"predecessor-version":[{"id":116609,"href":"https:\/\/rdnews.al\/index.php\/wp-json\/wp\/v2\/posts\/116607\/revisions\/116609"}],"wp:featuredmedia":[{"embeddable":true,"href":"https:\/\/rdnews.al\/index.php\/wp-json\/wp\/v2\/media\/116608"}],"wp:attachment":[{"href":"https:\/\/rdnews.al\/index.php\/wp-json\/wp\/v2\/media?parent=116607"}],"wp:term":[{"taxonomy":"category","embeddable":true,"href":"https:\/\/rdnews.al\/index.php\/wp-json\/wp\/v2\/categories?post=116607"},{"taxonomy":"post_tag","embeddable":true,"href":"https:\/\/rdnews.al\/index.php\/wp-json\/wp\/v2\/tags?post=116607"}],"curies":[{"name":"wp","href":"https:\/\/api.w.org\/{rel}","templated":true}]}}