{"id":116619,"date":"2025-06-16T08:22:54","date_gmt":"2025-06-16T08:22:54","guid":{"rendered":"https:\/\/rdnews.al\/?p=116619"},"modified":"2025-06-16T08:22:54","modified_gmt":"2025-06-16T08:22:54","slug":"vokshi-ne-konferencen-per-zgjerimin-e-be-se","status":"publish","type":"post","link":"https:\/\/rdnews.al\/index.php\/2025\/06\/16\/vokshi-ne-konferencen-per-zgjerimin-e-be-se\/","title":{"rendered":"Vokshi n\u00eb konferenc\u00ebn p\u00ebr zgjerimin e BE-s\u00eb"},"content":{"rendered":"<div id=\"rekl-49\">Kryetrja e Lidhjes Demokratike t\u00eb Gruas, Albana Vokshi mori pjes\u00eb n\u00eb konferenc\u00ebn p\u00ebr zgjerimin e BE-s\u00eb n\u00eb Chisinau, pjes\u00eb e s\u00eb cil\u00ebs ishte edhe Presidentja e Moldavis\u00eb, Maia Sandu.<\/div>\n<div class=\"readmore-text-here\">\n<p>Gjat\u00eb takimit atje, Vokshi thekson se, Sandu foli hapur p\u00ebr sfidat para zgjedhjeve parlamentare dhe p\u00ebr r\u00ebnd\u00ebsin\u00eb e ruajtjes s\u00eb kursit europian p\u00ebr Moldavin\u00eb, nj\u00eb nj\u00eb mesazh q\u00eb vlen p\u00ebr \u00e7do vend q\u00eb beson te demokracia dhe sundimi i ligjit.<\/p>\n<p>Kujtojm\u00eb shqiptar\u00ebt jo vet\u00ebm brenda vendit por edhe jasht\u00eb Shqip\u00ebris\u00eb iu drejtuan kutive t\u00eb votimit, n\u00eb zgjedhjet parlamentare t\u00eb 11 majit, nj\u00eb process tejet i kontestuar jo vet\u00ebm nga opozita por edhe nga nd\u00ebrkomb\u00ebtar\u00ebt.<\/p>\n<p>Raporti pakrparak i OSBE-ODDIHR, kishte konstatuar parregullsi q\u00eb cenon procesin zgjedhor n\u00eb Shqip\u00ebri, nd\u00ebrsa PD dhe aletat\u00ebt e saj po kontestojn\u00eb rezultatin zgjedhor t\u00eb 11 majit n\u00eb KAS, ku kjo e fundit ka vendosur hapjen e kutive n\u00eb disa qare t\u00eb vendit dhe QV t\u00eb qarqeve t\u00eb tjera, ku PD pretendon parregullsi.<\/p>\n<p><iframe loading=\"lazy\" src=\"https:\/\/www.facebook.com\/plugins\/post.php?href=https%3A%2F%2Fwww.facebook.com%2Falbana.vokshi%2Fposts%2Fpfbid024ZSVYykHh74xSqr1u5wMqMET61Rf81t3pDSYqswdacoamKBAEMQfw8fRyk2XPwrWl&amp;show_text=true&amp;width=500\" width=\"500\" height=\"699\" frameborder=\"0\" scrolling=\"no\" allowfullscreen=\"allowfullscreen\" data-mce-fragment=\"1\"><\/iframe><\/p>\n<\/div>\n<div id=\"rekl-33\"><\/div>\n","protected":false},"excerpt":{"rendered":"<p>Kryetrja e Lidhjes Demokratike t\u00eb Gruas, Albana Vokshi mori pjes\u00eb n\u00eb konferenc\u00ebn p\u00ebr zgjerimin e BE-s\u00eb n\u00eb Chisinau, pjes\u00eb e s\u00eb cil\u00ebs ishte edhe Presidentja e Moldavis\u00eb, Maia Sandu. Gjat\u00eb takimit atje, Vokshi thekson se, Sandu foli hapur p\u00ebr sfidat para zgjedhjeve parlamentare dhe p\u00ebr r\u00ebnd\u00ebsin\u00eb e ruajtjes s\u00eb kursit europian p\u00ebr Moldavin\u00eb, nj\u00eb nj\u00eb &hellip;<\/p>\n","protected":false},"author":4,"featured_media":116620,"comment_status":"closed","ping_status":"closed","sticky":false,"template":"","format":"standard","meta":{"footnotes":""},"categories":[37],"tags":[],"class_list":["post-116619","post","type-post","status-publish","format-standard","has-post-thumbnail","","category-politike"],"_links":{"self":[{"href":"https:\/\/rdnews.al\/index.php\/wp-json\/wp\/v2\/posts\/116619","targetHints":{"allow":["GET"]}}],"collection":[{"href":"https:\/\/rdnews.al\/index.php\/wp-json\/wp\/v2\/posts"}],"about":[{"href":"https:\/\/rdnews.al\/index.php\/wp-json\/wp\/v2\/types\/post"}],"author":[{"embeddable":true,"href":"https:\/\/rdnews.al\/index.php\/wp-json\/wp\/v2\/users\/4"}],"replies":[{"embeddable":true,"href":"https:\/\/rdnews.al\/index.php\/wp-json\/wp\/v2\/comments?post=116619"}],"version-history":[{"count":1,"href":"https:\/\/rdnews.al\/index.php\/wp-json\/wp\/v2\/posts\/116619\/revisions"}],"predecessor-version":[{"id":116621,"href":"https:\/\/rdnews.al\/index.php\/wp-json\/wp\/v2\/posts\/116619\/revisions\/116621"}],"wp:featuredmedia":[{"embeddable":true,"href":"https:\/\/rdnews.al\/index.php\/wp-json\/wp\/v2\/media\/116620"}],"wp:attachment":[{"href":"https:\/\/rdnews.al\/index.php\/wp-json\/wp\/v2\/media?parent=116619"}],"wp:term":[{"taxonomy":"category","embeddable":true,"href":"https:\/\/rdnews.al\/index.php\/wp-json\/wp\/v2\/categories?post=116619"},{"taxonomy":"post_tag","embeddable":true,"href":"https:\/\/rdnews.al\/index.php\/wp-json\/wp\/v2\/tags?post=116619"}],"curies":[{"name":"wp","href":"https:\/\/api.w.org\/{rel}","templated":true}]}}