{"id":116622,"date":"2025-06-16T08:27:07","date_gmt":"2025-06-16T08:27:07","guid":{"rendered":"https:\/\/rdnews.al\/?p=116622"},"modified":"2025-06-16T08:28:07","modified_gmt":"2025-06-16T08:28:07","slug":"rinumerimi-i-votave-ne-tirane-kellici-me-rendesi-eshte-qe-ne-te-mbrojme-e-garantojme-votat-e-pd","status":"publish","type":"post","link":"https:\/\/rdnews.al\/index.php\/2025\/06\/16\/rinumerimi-i-votave-ne-tirane-kellici-me-rendesi-eshte-qe-ne-te-mbrojme-e-garantojme-votat-e-pd\/","title":{"rendered":"Rinum\u00ebrimi n\u00eb Tiran\u00eb, K\u00eblli\u00e7i: Me r\u00ebnd\u00ebsi \u00ebsht\u00eb q\u00eb t\u00eb mbrojm\u00eb dhe garantojm\u00eb votat e PD"},"content":{"rendered":"<p>Drejtuesi politik i PD p\u00ebr Tiran\u00ebn, Belind K\u00eblli\u00e7i ka folur p\u00ebr procesin q\u00eb nis jav\u00ebn q\u00eb vjen nga Komisioni Qendror i Zgjedhjeve p\u00ebr rinum\u00ebrimin e votave p\u00ebr kryeqytetin, pas k\u00ebrkes\u00ebs s\u00eb dy an\u00ebtar\u00ebve t\u00eb opozit\u00ebs n\u00eb Komisionin e Ankesave dhe Sanksioneve.<\/p>\n<p>N\u00eb nj\u00eb intervist\u00eb p\u00ebr MCN TV, K\u00eblli\u00e7i u shpreh se fokusi i Partis\u00eb Demokratike n\u00eb k\u00ebt\u00eb proces \u00ebsht\u00eb rikuperimi i mandatit t\u00eb 14-t\u00eb q\u00eb i p\u00ebrket kandidatit Ilir Alimehmeti, i cili arriti t\u00eb marr\u00eb 18 mij\u00eb vota preferenciale.<\/p>\n<p>\u201cMe r\u00ebnd\u00ebsi \u00ebsht\u00eb q\u00eb ne t\u00eb mbrojm\u00eb e garantojm\u00eb votat e PD p\u00ebr kandidat\u00ebt e PD. Ne disponojm\u00eb fakte q\u00eb jan\u00eb mbledhur nga deputeti Asllan Dogjani, administrimi i kamerave q\u00eb ka poseduar \u00ebsht\u00eb v\u00ebrejtur tjet\u00ebrsim i votave t\u00eb PD n\u00eb favor t\u00eb PS n\u00eb Babrru, Paskuqan e Kam\u00ebz\u201d, tha K\u00eblli\u00e7i.<\/p>\n<p>Ai shton se, opozita ka humbur mandate nga votat e pavlefshme dhe p\u00ebr nj\u00eb grusht votash, PD-s\u00eb iu mohua mandati i 14-t\u00eb n\u00eb kryeqytet.<\/p>\n","protected":false},"excerpt":{"rendered":"<p>Drejtuesi politik i PD p\u00ebr Tiran\u00ebn, Belind K\u00eblli\u00e7i ka folur p\u00ebr procesin q\u00eb nis jav\u00ebn q\u00eb vjen nga Komisioni Qendror i Zgjedhjeve p\u00ebr rinum\u00ebrimin e votave p\u00ebr kryeqytetin, pas k\u00ebrkes\u00ebs s\u00eb dy an\u00ebtar\u00ebve t\u00eb opozit\u00ebs n\u00eb Komisionin e Ankesave dhe Sanksioneve. N\u00eb nj\u00eb intervist\u00eb p\u00ebr MCN TV, K\u00eblli\u00e7i u shpreh se fokusi i Partis\u00eb Demokratike &hellip;<\/p>\n","protected":false},"author":4,"featured_media":116256,"comment_status":"closed","ping_status":"closed","sticky":false,"template":"","format":"standard","meta":{"footnotes":""},"categories":[37],"tags":[],"class_list":["post-116622","post","type-post","status-publish","format-standard","has-post-thumbnail","","category-politike"],"_links":{"self":[{"href":"https:\/\/rdnews.al\/index.php\/wp-json\/wp\/v2\/posts\/116622","targetHints":{"allow":["GET"]}}],"collection":[{"href":"https:\/\/rdnews.al\/index.php\/wp-json\/wp\/v2\/posts"}],"about":[{"href":"https:\/\/rdnews.al\/index.php\/wp-json\/wp\/v2\/types\/post"}],"author":[{"embeddable":true,"href":"https:\/\/rdnews.al\/index.php\/wp-json\/wp\/v2\/users\/4"}],"replies":[{"embeddable":true,"href":"https:\/\/rdnews.al\/index.php\/wp-json\/wp\/v2\/comments?post=116622"}],"version-history":[{"count":4,"href":"https:\/\/rdnews.al\/index.php\/wp-json\/wp\/v2\/posts\/116622\/revisions"}],"predecessor-version":[{"id":116626,"href":"https:\/\/rdnews.al\/index.php\/wp-json\/wp\/v2\/posts\/116622\/revisions\/116626"}],"wp:featuredmedia":[{"embeddable":true,"href":"https:\/\/rdnews.al\/index.php\/wp-json\/wp\/v2\/media\/116256"}],"wp:attachment":[{"href":"https:\/\/rdnews.al\/index.php\/wp-json\/wp\/v2\/media?parent=116622"}],"wp:term":[{"taxonomy":"category","embeddable":true,"href":"https:\/\/rdnews.al\/index.php\/wp-json\/wp\/v2\/categories?post=116622"},{"taxonomy":"post_tag","embeddable":true,"href":"https:\/\/rdnews.al\/index.php\/wp-json\/wp\/v2\/tags?post=116622"}],"curies":[{"name":"wp","href":"https:\/\/api.w.org\/{rel}","templated":true}]}}