{"id":116629,"date":"2025-06-16T08:38:31","date_gmt":"2025-06-16T08:38:31","guid":{"rendered":"https:\/\/rdnews.al\/?p=116629"},"modified":"2025-06-16T10:21:37","modified_gmt":"2025-06-16T10:21:37","slug":"karma-do-te-te-rikthehet-veliaj-paralajmeron-burgosjen-e-rames-nga-qelia","status":"publish","type":"post","link":"https:\/\/rdnews.al\/index.php\/2025\/06\/16\/karma-do-te-te-rikthehet-veliaj-paralajmeron-burgosjen-e-rames-nga-qelia\/","title":{"rendered":"\u201cKarma do t\u00eb t\u00eb rikthehet\u201d, Veliaj paralajm\u00ebron burgosjen e Ram\u00ebs nga qelia"},"content":{"rendered":"<div id=\"rekl-49\">Erion Veliaj prej dit\u00ebsh ka filluar t\u00eb l\u00ebshoj\u00eb \u201cmesazhe t\u00eb koduara\u201d p\u00ebrmes TikTok-ut, rrjetit social q\u00eb Edi Rama ua ka ndaluar p\u00ebrdorimin ministrave dhe deputet\u00ebve t\u00eb tij, p\u00ebr shkak se \u201cpraktikisht\u201d e ka mbyllur me vendim Qeverie.<\/div>\n<div class=\"readmore-text-here\">\n<p>Dit\u00ebn e sotme ai ka publikuar nj\u00eb video ku faj\u00ebson p\u00ebr arrestimin dhe tentativ\u00ebn p\u00ebr ta posht\u00ebruar,\u00a0i kujton Ram\u00ebs se \u201ckarma\u201d do t\u00eb veproj\u00eb mbi ata q\u00eb e desh\u00ebn rr\u00ebzimin e tij, edhe pse po von\u00eb.<\/p>\n<div id=\"rekl-28\">\u201cT\u00eb m\u00eb arrestosh dhe t\u00eb p\u00ebrpiqesh t\u00eb m\u00eb posht\u00ebrosh, e di q\u00eb t\u00eb ka b\u00ebr\u00eb t\u00eb ndihesh mir\u00eb. Por karma gjithmon\u00eb e gjen rrug\u00ebn p\u00ebr t\u2019u kthyer, edhe n\u00ebse vonohet. Shpresoj vet\u00ebm q\u00eb ata t\u00eb jen\u00eb aq t\u00eb fort\u00eb sa isha un\u00eb\u201d, shkruan Veliaj sip\u00ebr videos s\u00eb publikuar n\u00eb TikTok, teksa e shoq\u00ebron me k\u00ebng\u00ebn e Rihanna-s si sfond ku d\u00ebgjohet: A man! (Nj\u00eb burr\u00eb).<\/div>\n<p><iframe loading=\"lazy\" class=\"rumble\" src=\"https:\/\/rumble.com\/embed\/v6snxxd\/?pub=1j3sut\" width=\"640\" height=\"360\" frameborder=\"0\" allowfullscreen=\"allowfullscreen\" data-mce-fragment=\"1\"><\/iframe><\/p>\n<p>Veliaj q\u00eb\u00a0ndodhet n\u00eb burg prej 10 Shkurtit kur u arrestua me urdh\u00ebr t\u00eb SPAK n\u00eb Bashkin\u00eb e Tiran\u00ebs,\u00a0duket se i ka humbur shpresat p\u00ebr t\u00eb dal\u00eb nga burgu, ku mund\u00ebsia e vetme tashm\u00eb duket se i ka mbetur vet\u00ebm rekursi n\u00eb Gjykat\u00ebn e Lart\u00eb, ku \u00ebsht\u00eb caktuar relatore Albana Boksi.<\/p>\n<p>Pas nj\u00eb hetimi 1 vje\u00e7ar, SPAK i ka ngritur akuzat p\u00ebr kryerjen e veprave penale\u00a0\u201cKorrupsioni pasiv i funksionar\u00ebve t\u00eb lart\u00eb shtet\u00ebror\u00eb ose i t\u00eb zgjedhurve vendor\u00eb\u201d, kryer n\u00eb bashk\u00ebpunim (9 her\u00eb) dhe \u201cPastrimi i produkteve t\u00eb vepr\u00ebs penale ose veprimtaris\u00eb kriminale\u201d.<\/p>\n<p>M\u00eb von\u00eb iu shtua edhe akuza e futjes s\u00eb sendeve t\u00eb ndaluara n\u00eb qelit\u00eb e paraburgimit, si dhe ajo e vepr\u00ebs penale\u00a0\u201cRefuzimi p\u00ebr deklarimin, mosdeklarimi, fshehja ose deklarimi i rrem\u00eb i pasurive, interesave privat\u00eb t\u00eb personave t\u00eb zgjedhur dhe n\u00ebpun\u00ebsve publik\u00eb ose i \u00e7do personi tjet\u00ebr q\u00eb ka detyrimin ligjor p\u00ebr deklarim\u201d.<\/p>\n<p>Ky \u00ebsht\u00eb mesazhi i dyt\u00eb i koduar i Erion Veliajt brenda pak dit\u00ebsh.\u00a0<a href=\"https:\/\/www.syri.net\/politike\/795640\/video-erion-veliaj-kercenon-edi-ramen-dhe-identifikon-nesti-angonin\/\" target=\"_blank\" rel=\"noopener\">N\u00eb nj\u00eb video\u00a0m\u00eb\u00a0par\u00eb ai\u00a0k\u00ebrc\u00ebnoi\u00a0Edi Ram\u00ebn\u00a0<\/a>dhe identifikoi\u00a0Nesti Angonin.<\/p>\n<blockquote class=\"tiktok-embed\" cite=\"https:\/\/www.tiktok.com\/@erionveliaj_\/video\/7516170443250814214\" data-video-id=\"7516170443250814214\">\n<section><a title=\"@erionveliaj_\" href=\"https:\/\/www.tiktok.com\/@erionveliaj_?refer=embed\" target=\"_blank\" rel=\"noopener\">@erionveliaj_<\/a>S\u2019kam zgjedhur kush hyn n\u00eb k\u00ebt\u00eb zyr\u00eb, i kam mir\u00ebpritur t\u00eb gjith\u00eb. Sepse k\u00ebshtu e b\u00ebn nj\u00eb Kryetar Bashkie.<a title=\"\u266c Breakin dishes - Megan \u2605\" href=\"https:\/\/www.tiktok.com\/music\/Breakin-dishes-7332912166128929569?refer=embed\" target=\"_blank\" rel=\"noopener\">\u266c Breakin dishes &#8211; Megan \u2605<\/a><\/p>\n<\/section>\n<\/blockquote>\n<\/div>\n","protected":false},"excerpt":{"rendered":"<p>Erion Veliaj prej dit\u00ebsh ka filluar t\u00eb l\u00ebshoj\u00eb \u201cmesazhe t\u00eb koduara\u201d p\u00ebrmes TikTok-ut, rrjetit social q\u00eb Edi Rama ua ka ndaluar p\u00ebrdorimin ministrave dhe deputet\u00ebve t\u00eb tij, p\u00ebr shkak se \u201cpraktikisht\u201d e ka mbyllur me vendim Qeverie. Dit\u00ebn e sotme ai ka publikuar nj\u00eb video ku faj\u00ebson p\u00ebr arrestimin dhe tentativ\u00ebn p\u00ebr ta posht\u00ebruar,\u00a0i kujton &hellip;<\/p>\n","protected":false},"author":4,"featured_media":116645,"comment_status":"closed","ping_status":"closed","sticky":false,"template":"","format":"standard","meta":{"footnotes":""},"categories":[37],"tags":[],"class_list":["post-116629","post","type-post","status-publish","format-standard","has-post-thumbnail","","category-politike"],"_links":{"self":[{"href":"https:\/\/rdnews.al\/index.php\/wp-json\/wp\/v2\/posts\/116629","targetHints":{"allow":["GET"]}}],"collection":[{"href":"https:\/\/rdnews.al\/index.php\/wp-json\/wp\/v2\/posts"}],"about":[{"href":"https:\/\/rdnews.al\/index.php\/wp-json\/wp\/v2\/types\/post"}],"author":[{"embeddable":true,"href":"https:\/\/rdnews.al\/index.php\/wp-json\/wp\/v2\/users\/4"}],"replies":[{"embeddable":true,"href":"https:\/\/rdnews.al\/index.php\/wp-json\/wp\/v2\/comments?post=116629"}],"version-history":[{"count":2,"href":"https:\/\/rdnews.al\/index.php\/wp-json\/wp\/v2\/posts\/116629\/revisions"}],"predecessor-version":[{"id":116646,"href":"https:\/\/rdnews.al\/index.php\/wp-json\/wp\/v2\/posts\/116629\/revisions\/116646"}],"wp:featuredmedia":[{"embeddable":true,"href":"https:\/\/rdnews.al\/index.php\/wp-json\/wp\/v2\/media\/116645"}],"wp:attachment":[{"href":"https:\/\/rdnews.al\/index.php\/wp-json\/wp\/v2\/media?parent=116629"}],"wp:term":[{"taxonomy":"category","embeddable":true,"href":"https:\/\/rdnews.al\/index.php\/wp-json\/wp\/v2\/categories?post=116629"},{"taxonomy":"post_tag","embeddable":true,"href":"https:\/\/rdnews.al\/index.php\/wp-json\/wp\/v2\/tags?post=116629"}],"curies":[{"name":"wp","href":"https:\/\/api.w.org\/{rel}","templated":true}]}}