{"id":116634,"date":"2025-06-16T08:48:35","date_gmt":"2025-06-16T08:48:35","guid":{"rendered":"https:\/\/rdnews.al\/?p=116634"},"modified":"2025-06-16T09:08:29","modified_gmt":"2025-06-16T09:08:29","slug":"avokati-berisha-nuk-u-paraqit-ne-spak-per-shkak-te-nje-gjendje-virale","status":"publish","type":"post","link":"https:\/\/rdnews.al\/index.php\/2025\/06\/16\/avokati-berisha-nuk-u-paraqit-ne-spak-per-shkak-te-nje-gjendje-virale\/","title":{"rendered":"Avokati tregon pse nuk u paraqit Berisha n\u00eb SPAK"},"content":{"rendered":"<p>Kryetari i PD, Sali Berisha duhej t\u00eb paraqitej dit\u00ebn e sotme n\u00eb Prokurorin\u00eb e Posa\u00e7me, n\u00eb zbatim t\u00eb mas\u00eb s\u00eb siguris\u00eb t\u00eb vendosur ndaj tij nga gjykata. Berisha nuk u paraqit n\u00eb SPAK p\u00ebr shkak t\u00eb nj\u00eb viroze.<\/p>\n<p>I pranish\u00ebm ishte vet\u00ebm nj\u00eb nga avokat\u00ebt e tij, Ledio Nuraj, i cili ka b\u00ebr\u00eb me dije se Berisha nuk mund t\u00eb paraqitej p\u00ebr shkak t\u00eb gjendjes sh\u00ebndet\u00ebsore.<\/p>\n<p>Edhe avokati Genc Gjokutaj e konfirmoi k\u00ebt\u00eb lajm.<\/p>\n<p>\u201cN\u00eb cil\u00ebsin\u00eb e avokatit mbrojt\u00ebs ju b\u00ebj me dije se sot me dat\u00eb 16.06.2025 ora 10.00, zoti Berisha kishte paraqitjen e tij n\u00eb SPAK n\u00eb zbatim t\u00eb vendimit t\u00eb GJKKO p\u00ebr caktimin e mas\u00ebs s\u00eb \u201cdetyrimit p\u00ebr paraqitje\u201d!<\/p>\n<p>P\u00ebr arsye sh\u00ebndet\u00ebsore (gjendje virale) paraqitja e tij ishte e pamundur!<\/p>\n<p>N\u00eb lidhje me sa me sip\u00ebr, u njoftua prokurori!\u201d, shkruan ai.<\/p>\n","protected":false},"excerpt":{"rendered":"<p>Kryetari i PD, Sali Berisha duhej t\u00eb paraqitej dit\u00ebn e sotme n\u00eb Prokurorin\u00eb e Posa\u00e7me, n\u00eb zbatim t\u00eb mas\u00eb s\u00eb siguris\u00eb t\u00eb vendosur ndaj tij nga gjykata. Berisha nuk u paraqit n\u00eb SPAK p\u00ebr shkak t\u00eb nj\u00eb viroze. I pranish\u00ebm ishte vet\u00ebm nj\u00eb nga avokat\u00ebt e tij, Ledio Nuraj, i cili ka b\u00ebr\u00eb me dije &hellip;<\/p>\n","protected":false},"author":4,"featured_media":108350,"comment_status":"closed","ping_status":"closed","sticky":false,"template":"","format":"standard","meta":{"footnotes":""},"categories":[37],"tags":[],"class_list":["post-116634","post","type-post","status-publish","format-standard","has-post-thumbnail","","category-politike"],"_links":{"self":[{"href":"https:\/\/rdnews.al\/index.php\/wp-json\/wp\/v2\/posts\/116634","targetHints":{"allow":["GET"]}}],"collection":[{"href":"https:\/\/rdnews.al\/index.php\/wp-json\/wp\/v2\/posts"}],"about":[{"href":"https:\/\/rdnews.al\/index.php\/wp-json\/wp\/v2\/types\/post"}],"author":[{"embeddable":true,"href":"https:\/\/rdnews.al\/index.php\/wp-json\/wp\/v2\/users\/4"}],"replies":[{"embeddable":true,"href":"https:\/\/rdnews.al\/index.php\/wp-json\/wp\/v2\/comments?post=116634"}],"version-history":[{"count":2,"href":"https:\/\/rdnews.al\/index.php\/wp-json\/wp\/v2\/posts\/116634\/revisions"}],"predecessor-version":[{"id":116643,"href":"https:\/\/rdnews.al\/index.php\/wp-json\/wp\/v2\/posts\/116634\/revisions\/116643"}],"wp:featuredmedia":[{"embeddable":true,"href":"https:\/\/rdnews.al\/index.php\/wp-json\/wp\/v2\/media\/108350"}],"wp:attachment":[{"href":"https:\/\/rdnews.al\/index.php\/wp-json\/wp\/v2\/media?parent=116634"}],"wp:term":[{"taxonomy":"category","embeddable":true,"href":"https:\/\/rdnews.al\/index.php\/wp-json\/wp\/v2\/categories?post=116634"},{"taxonomy":"post_tag","embeddable":true,"href":"https:\/\/rdnews.al\/index.php\/wp-json\/wp\/v2\/tags?post=116634"}],"curies":[{"name":"wp","href":"https:\/\/api.w.org\/{rel}","templated":true}]}}