{"id":116636,"date":"2025-06-16T08:57:44","date_gmt":"2025-06-16T08:57:44","guid":{"rendered":"https:\/\/rdnews.al\/?p=116636"},"modified":"2025-06-16T10:39:13","modified_gmt":"2025-06-16T10:39:13","slug":"spak-refuzoi-te-hetoje-linda-ramen-gjykata-e-larte-i-rrezon-vendimin","status":"publish","type":"post","link":"https:\/\/rdnews.al\/index.php\/2025\/06\/16\/spak-refuzoi-te-hetoje-linda-ramen-gjykata-e-larte-i-rrezon-vendimin\/","title":{"rendered":"SPAK refuzoi t\u00eb hetoj\u00eb Linda Ram\u00ebn, Gjykata e Lart\u00eb i rr\u00ebzon vendimin"},"content":{"rendered":"<p><strong>Nga Adriana KALAJA<\/strong><\/p>\n<p>Vendim q\u00eb duhet t\u00eb \u00e7oj\u00eb pas hekurave grat\u00eb me 3 mbiemra t\u00eb Kryeministrit&#8230;<br \/>\nDhe Dumanin Altin, n\u00eb fakt.<\/p>\n<p>Si\u00e7 edhe e dini, Kryeministri i vendit ka shum\u00eb d\u00ebshir\u00eb t\u00eb rrethohet nga persona me mbi 3 mbiemra.<\/p>\n<p>N\u00ebse jane gra, aq m\u00eb mir\u00eb.<\/p>\n<p>Pasi i gjen, i p\u00ebrdor dhe n\u00eb fund i hedh aty ku e kan\u00eb vendin n\u00eb fakt.<\/p>\n<p>N\u00eb burg.<\/p>\n<p>Do thoni Ju pse Kryeministri i \u00e7on n\u00eb burg?<\/p>\n<p>Po, po!<\/p>\n<p>Vet\u00ebm Ai!<\/p>\n<p>Dumani Altin e Duman\u00ebt e tjer\u00eb aty i duhen vet\u00ebm p\u00ebr firm\u00eb.<\/p>\n<p>T\u00eb kthehemi te vendimi i Gjykat\u00ebs Lart\u00eb, i cili ka vendosur q\u00eb kompetente p\u00ebr hetimin e kall\u00ebzimit tim ndaj Kryeministrit, bashk\u00ebshortes me 3 mbiemre etj., e ka gjykata dhe prokuroria e posa\u00e7me, kjo n\u00eb respektim t\u00eb nenit 75\/a t\u00ea Kodit t\u00eb Procedur\u00ebs Penale.<\/p>\n<p>E kush nuk e din k\u00ebt\u00eb gj\u00eb, do pyesnit Ju me t\u00eb drejt\u00eb?<\/p>\n<p>Normalisht t\u00eb gjith\u00eb e din\u00eb, por me urdh\u00ebr politik e zbatojm\u00eb aty ku i duhet.<\/p>\n<p>Kush e filloi &#8220;padijenin\u00eb&#8221; p\u00ebr k\u00ebt\u00eb nen lidhur me kompetenc\u00ebn l\u00ebndore?<\/p>\n<p>Dumani Altin, q\u00eb aty \u00ebsht\u00eb fiks p\u00ebr amnistimin e Kryeministrit dhe atyre q\u00eb ai do.<\/p>\n<p>Edhe p\u00ebr ty p\u00ebrdorur si arm\u00eb ndaj opozit\u00ebs e natyrisht, raste ka plot.<\/p>\n<p>N\u00eb cilin nen t\u00eb Kodit kur shpalli moskompetenc\u00ebn Dumani i zh&#8217;drejt\u00ebsis\u00eb dhe jo ai i krimit, por m\u00eb i keq ai i pari n\u00eb raport me krimin e madh q\u00eb po i b\u00ebn vendit, e pa se Kryeministri hetohet nga nj\u00eb prokurori e zakonshme?<\/p>\n<p>Nd\u00ebrkoh\u00eb q\u00eb SPAK persekuton prej vitesh Z. Berisha si ish Kryeminist\u00ebr, p\u00ebr veprime t\u00eb kryera para 12 vitesh, nuk e &#8220;gjen&#8221; veten kompetente p\u00eb Kryeministrin e vendit.<\/p>\n<p>Edhe kur nj\u00eb gjyqtar kurajoz si Z. Vel\u00e7ani vendos t\u00eb zbatoj\u00eb ligjin dhe Kushtetut\u00ebn, Vejusha e Zez\u00eb e Surrelit, zgjat tentakulat e saj helmatonj\u00ebse.<\/p>\n<p>Dheeeeeee gj\u00ebndet ajo gruaja tjet\u00ebr me 3 mbiemra, q\u00eb n\u00eb fakt Kryeministri jo vet\u00ebm e p\u00ebrgatiti p\u00ebr k\u00ebt\u00eb dit\u00eb, e konfirmoi n\u00eb kund\u00ebrshtim me Kushtetut\u00ebn n\u00eb detyr\u00eb, por edhe e vuri n\u00eb krye t\u00eb nj\u00eb prej gjykatave m\u00eb t\u00eb r\u00ebnd\u00ebsishme n\u00eb k\u00ebt\u00eb vend t\u00eb mjer\u00eb.<\/p>\n<p>N\u00eb k\u00eby\u00eb vend pa drejt\u00ebsi por me gjyqtar\u00eb e prokuror\u00eb m\u00eb kriminel\u00eb se ato q\u00eb duhet ti hetonin e \u00e7onin pas hekurave.<\/p>\n<p>Por Iren\u00ebs me 3 mviemra, nuk i ka dal\u00eb akoma mllefi i urrejtjes ndaj Opozit\u00ebs dhe Liderit t\u00eb saj, megjith\u00ebse e mbajti 333 dit\u00eb n\u00eb arrest politik.<\/p>\n<p>Duhet t\u00eb vijoj\u00eb edhe m\u00eb shum\u00eb.<\/p>\n<p>Ndaj duhet ti jepet koh\u00eb si Naltmadhnis\u00eb s\u00eb Surrelit, deri sa t\u00eb kaloj\u00eb zgjedhjet, ashtu edhe Merimang\u00ebs s\u00eb Zez\u00eb &#8211; bashk\u00ebshorte.<\/p>\n<p>P\u00ebr k\u00ebt\u00eb, gruaja tjet\u00ebr me 3 mbiemra e Kryeministrit, e kalon p\u00ebr konflikt kompetencash n\u00eb Gjykat\u00ebn e Lart\u00eb.<\/p>\n<p>Po tani q\u00eb Gjykata e Lart\u00eb m\u00eb dha t\u00eb drejt\u00eb e vendosi q\u00eb kompetente p\u00ebr k\u00ebt\u00eb \u00e7\u00ebshtje \u00ebsht\u00eb gjykata speciale (lexo pukaf 28 e vijues t\u00eb vendimit t\u00eb m\u00ebposht\u00ebm), kush mban p\u00ebrgjegj\u00ebsi p\u00ebr k\u00ebt\u00eb zvarritje e munges\u00eb drejt\u00ebsie?<\/p>\n<p>Un\u00eb e di q\u00eb plani i k\u00ebtyre antishqiptar\u00ebve ky \u00ebsht\u00eb, por me mua e kan\u00eb betej\u00ebn e humbur.<\/p>\n<p>Megjith\u00eb pushtetin q\u00eb kan\u00eb, se un\u00eb jam n\u00eb t\u00eb drejt\u00ebn e t\u00eb v\u00ebrtet\u00ebn.<\/p>\n<p>Q\u00eb kjo \u00e7\u00ebshtje do shkoj\u00eb deri n\u00eb fund nuk ka diskutim, por ajo q\u00eb do doja T&#8217;Ju b\u00ebja me dije \u00ebsht\u00eb q\u00eb:<\/p>\n<p>Sot do k\u00ebrkoj p\u00ebrjashtimin nga kjo \u00e7\u00ebshtje t\u00eb k\u00ebsaj gjyqtareje, p\u00ebr shkak t\u00eb konflkktit t\u00eb interesit q\u00eb ka me mua dhe me dosjen.<\/p>\n<p>Ajo q\u00eb \u00ebsht\u00eb e sigurt\u00eb n\u00eb k\u00ebt\u00eb histori \u00ebsht\u00eb fakti q\u00eb Irena me 3 mbiemra, \u00ebsht\u00eb &#8220;s\u00ebmur\u00eb&#8221; r\u00ebnd\u00eb se tutori i saj Kryeminist\u00ebr, e ka braktisur, fakt q\u00eb nuk po p\u00ebrballohet dot.<\/p>\n<p>Po Lind\u00ebn me 3 mbiemra kur do e hedh\u00eb n\u00eb rrug\u00eb si t\u00eb gjith\u00eb paraardh\u00ebset(it) e saj?<\/p>\n<p>Apo do ndodhi e kund\u00ebrta.<\/p>\n<p>Shum\u00eb shpejt madje.<\/p>\n<p>Po ndonj\u00eb t\u00eb tret\u00eb q\u00eb duhet t\u00eb shkoh\u00eb n\u00eb burg me k\u00ebt\u00eb vendim do thoni Ju nuk do ket\u00eb (pika 33 e vendimit)?<\/p>\n<p>Po po.<\/p>\n<p>Nga Dumani Altin dhe jo vet\u00ebm.<\/p>\n<p>Upsssssss se desh harrova.<\/p>\n<p>Ju e dini q\u00eb tani m\u00eb ka kapur &#8220;fiksimi&#8221; p\u00ebr Ambasad\u00ebn e SHBA<\/p>\n<p>N\u00eb k\u00ebto kushte, t\u00eb gjitha k\u00ebto prova, nga vendimi penal dhe administrativ, nga prokura me 2 ekspulset, kall\u00ebzimet, k\u00ebrkesat p\u00ebr shkarkim t\u00eb Iren\u00ebs me 3 mbiemra e deri te ky vendim, do i vihen n\u00eb dispozicion k\u00ebsaj ambasade dhe institucioneve anerikane, q\u00eb t\u00eb shohin cila \u00ebsht\u00eb drejt\u00ebsia q\u00eb ata kan\u00eb mb\u00ebshtetur me para, paisje teknike e burime njer\u00ebzore.<\/p>\n<p>S\u00eb shpejti&#8230;&#8230;<\/p>\n<p><img loading=\"lazy\" decoding=\"async\" class=\"alignnone size-medium wp-image-116638\" src=\"https:\/\/rdnews.al\/wp-content\/uploads\/2025\/06\/do-300x233.png\" alt=\"\" width=\"300\" height=\"233\" srcset=\"https:\/\/rdnews.al\/wp-content\/uploads\/2025\/06\/do-300x233.png 300w, https:\/\/rdnews.al\/wp-content\/uploads\/2025\/06\/do.png 433w\" sizes=\"auto, (max-width: 300px) 100vw, 300px\" \/><\/p>\n","protected":false},"excerpt":{"rendered":"<p>Nga Adriana KALAJA Vendim q\u00eb duhet t\u00eb \u00e7oj\u00eb pas hekurave grat\u00eb me 3 mbiemra t\u00eb Kryeministrit&#8230; Dhe Dumanin Altin, n\u00eb fakt. Si\u00e7 edhe e dini, Kryeministri i vendit ka shum\u00eb d\u00ebshir\u00eb t\u00eb rrethohet nga persona me mbi 3 mbiemra. N\u00ebse jane gra, aq m\u00eb mir\u00eb. Pasi i gjen, i p\u00ebrdor dhe n\u00eb fund i hedh &hellip;<\/p>\n","protected":false},"author":4,"featured_media":116650,"comment_status":"closed","ping_status":"closed","sticky":false,"template":"","format":"standard","meta":{"footnotes":""},"categories":[37],"tags":[],"class_list":["post-116636","post","type-post","status-publish","format-standard","has-post-thumbnail","","category-politike"],"_links":{"self":[{"href":"https:\/\/rdnews.al\/index.php\/wp-json\/wp\/v2\/posts\/116636","targetHints":{"allow":["GET"]}}],"collection":[{"href":"https:\/\/rdnews.al\/index.php\/wp-json\/wp\/v2\/posts"}],"about":[{"href":"https:\/\/rdnews.al\/index.php\/wp-json\/wp\/v2\/types\/post"}],"author":[{"embeddable":true,"href":"https:\/\/rdnews.al\/index.php\/wp-json\/wp\/v2\/users\/4"}],"replies":[{"embeddable":true,"href":"https:\/\/rdnews.al\/index.php\/wp-json\/wp\/v2\/comments?post=116636"}],"version-history":[{"count":4,"href":"https:\/\/rdnews.al\/index.php\/wp-json\/wp\/v2\/posts\/116636\/revisions"}],"predecessor-version":[{"id":116651,"href":"https:\/\/rdnews.al\/index.php\/wp-json\/wp\/v2\/posts\/116636\/revisions\/116651"}],"wp:featuredmedia":[{"embeddable":true,"href":"https:\/\/rdnews.al\/index.php\/wp-json\/wp\/v2\/media\/116650"}],"wp:attachment":[{"href":"https:\/\/rdnews.al\/index.php\/wp-json\/wp\/v2\/media?parent=116636"}],"wp:term":[{"taxonomy":"category","embeddable":true,"href":"https:\/\/rdnews.al\/index.php\/wp-json\/wp\/v2\/categories?post=116636"},{"taxonomy":"post_tag","embeddable":true,"href":"https:\/\/rdnews.al\/index.php\/wp-json\/wp\/v2\/tags?post=116636"}],"curies":[{"name":"wp","href":"https:\/\/api.w.org\/{rel}","templated":true}]}}