{"id":116660,"date":"2025-06-16T10:55:27","date_gmt":"2025-06-16T10:55:27","guid":{"rendered":"https:\/\/rdnews.al\/?p=116660"},"modified":"2025-06-16T10:55:54","modified_gmt":"2025-06-16T10:55:54","slug":"magazineret-e-salillarit-behen-si-me-magji-nga-rama-pronare-parqesh-fotovoltaike-dhe-koncensionaresh-spak-nuk-i-sheh","status":"publish","type":"post","link":"https:\/\/rdnews.al\/index.php\/2025\/06\/16\/magazineret-e-salillarit-behen-si-me-magji-nga-rama-pronare-parqesh-fotovoltaike-dhe-koncensionaresh-spak-nuk-i-sheh\/","title":{"rendered":"Magaziner\u00ebt e Salillarit b\u00ebhen nga Rama pronar\u00eb parqesh fotovoltaike dhe koncensionar\u00ebsh, SPAK nuk i sheh!"},"content":{"rendered":"<p>Partia Demokratike ka denoncuar vendimet e dyshimta t\u00eb qeveris\u00eb s\u00eb Edi Ram\u00ebs, t\u00eb dh\u00ebna pak dit\u00eb m\u00eb par\u00eb. Si\u00e7 edhe kan\u00eb raportuar m\u00eb her\u00ebt mediat, qeveria Rama i ka dh\u00ebn\u00eb nj\u00eb park fotovoltaik nj\u00eb kompanie t\u00eb themeluar vet\u00ebm 16 muaj m\u00eb par\u00eb dhe me kapital 100 mij\u00eb lek, q\u00eb nuk i ka fondet e nevojshme p\u00ebr t\u00eb zhvilluar k\u00ebt\u00eb biznes.<\/p>\n<p>N\u00eb denoncimin e b\u00ebr\u00eb nga z\u00ebdh\u00ebn\u00ebsja e Antikorrupsionit n\u00eb PD, Genta Vangjeli, thuhet se, magaziner\u00ebt e P\u00ebllumb Salillarit t\u00eb kompanis\u00eb \u2018Salillari sh.pk\u2019, t\u00eb cil\u00ebt jan\u00eb b\u00ebr\u00eb dhe pronar\u00eb koncesionaresh n\u00eb triportin e Vlor\u00ebs.<\/p>\n<p><strong>Deklarata e z\u00ebdh\u00ebn\u00ebses s\u00eb Antikorrupsionit n\u00eb PD, Genta Vangjeli<\/strong><\/p>\n<p>T\u00eb nderuar qytetar\u00eb\u2026<\/p>\n<p>N\u00eb sag\u00ebn e p\u00ebrrallave 1001 net &#8230; me autor Edi Ram\u00ebn sot do t&#8217;ju tregojm\u00eb \u00e7udit\u00eb e radh\u00ebs ku mekanik\u00eb e magazinier\u00eb t\u00eb P\u00ebllumb Salillarit shnd\u00ebrrohen me shkopin magjik t\u00eb Edi Ram\u00ebs n\u00eb investitor\u00eb fotovoltaik\u00ebsh dhe pronar\u00eb koncesionesh\u2026<\/p>\n<p>Nj\u00eb jav\u00eb m\u00eb par\u00eb, K\u00ebshilli i Ministrave me an\u00eb t\u00eb vendimit nr.309, miratoi nd\u00ebrtimit t\u00eb centralit gjenerues t\u00eb energjis\u00eb elektrike fotovoltaike dhe veprave ndihm\u00ebse, n\u00eb Levan, Fier, nga shoq\u00ebria \u2018ALBANIA SOLAR PO\u00cbER\u2019 sh.p.k, me afat operimi 49 vjet dhe fuqi 82 m\u00eb, i cili k\u00ebrkon nj\u00eb investim miliona eurosh.<\/p>\n<p>Nd\u00ebrkoh\u00eb ky subjekt \u00ebsht\u00eb regjistruar vet\u00ebm 16 muaj m\u00eb par\u00eb, me nj\u00eb kapital 100.000 lek\u00eb, ka administrator dhe pronar Engj\u00ebll Agalliu dhe asnj\u00eb bilanc t\u00eb publikuar n\u00eb QKB.<\/p>\n<p>Po si do ta realizoj\u00eb ky subjekt k\u00ebt\u00eb investim miliona euro, nd\u00ebrkoh\u00eb q\u00eb kapitali t\u00eb l\u00eb p\u00ebr t\u00eb d\u00ebshiruar\u2026<\/p>\n<p>Nj\u00eb gj\u00eb \u00ebsht\u00eb e sigurt, q\u00eb Engj\u00ebll Agalliu ka profesionin e mekanikut p\u00ebr makineri industriale dhe k\u00ebt\u00eb detyr\u00eb e ka ushtruar edhe n\u00eb kompanin\u00eb e P\u00ebllumb Salillarit (Salillari shpk).<\/p>\n<div class=\"fotogaleri\">\n<div class=\"bx-wrapper\">\n<div class=\"bx-viewport\">\n<ul class=\"read-slider\">\n<li><a href=\"https:\/\/www.syri.net\/fotogaleria\/796239\/vangjeli-magazineret-e-salillarit-behen-si-me-magji-nga-rama-pronare-parqesh-fotovoltaike-dhe-koncensionaresh-spak-nuk-i-sheh\/\" target=\"_blank\" rel=\"noopener\"><img decoding=\"async\" src=\"https:\/\/www.syri.net\/uploads\/syri.net\/images\/2025\/June\/15\/auto_11749979147.png\" \/><i class=\"fa fa-search-plus syri_zoom\" aria-hidden=\"true\"><\/i><\/a><\/li>\n<\/ul>\n<\/div>\n<div class=\"bx-controls bx-has-pager bx-has-controls-direction\">\n<div class=\"bx-pager bx-default-pager\">1 \/ 11<\/div>\n<div class=\"bx-controls-direction\"><a class=\"bx-prev\" href=\"https:\/\/www.syri.net\/politike\/796239\/vangjeli-magazineret-e-salillarit-behen-si-me-magji-nga-rama-pronare-parqesh-fotovoltaike-dhe-koncensionaresh-spak-nuk-i-sheh\/\" target=\"_blank\" rel=\"noopener\">Prev<\/a><a class=\"bx-next\" href=\"https:\/\/www.syri.net\/politike\/796239\/vangjeli-magazineret-e-salillarit-behen-si-me-magji-nga-rama-pronare-parqesh-fotovoltaike-dhe-koncensionaresh-spak-nuk-i-sheh\/\" target=\"_blank\" rel=\"noopener\">Next<\/a><\/div>\n<\/div>\n<\/div>\n<\/div>\n<p>Ndoshta puthja romantike q\u00eb vet\u00eb kryeministri Rama nuk hezitoi t&#8217;i jepte pronarit t\u00eb Engj\u00ebllit, p\u00ebrpara kamerave, solli fat t\u00eb mir\u00eb edhe p\u00ebr vet\u00eb Agalliu e k\u00ebshtu K\u00ebshilli i Ministrave nxori nj\u00eb VKM ekskluzive vet\u00ebm p\u00ebr t\u00eb.<\/p>\n<p>Gjithashtu, e sigurt \u00ebsht\u00eb se, p\u00ebrve\u00e7 v\u00ebllait m\u00eb t\u00eb vog\u00ebl t\u00eb Engj\u00ebllit, tek e nj\u00ebjta kompani, Salillari shpk, pun\u00ebmarr\u00ebs ka qen\u00eb edhe babai i tyre, Hektor Agalliu, me profesion magazinier, madje aq t\u00eb suksessh\u00ebm kan\u00eb qen\u00eb pun\u00ebmarr\u00ebsit e Salillarit saq\u00eb vizioni i babait kapi majat e suksesit duke u shnd\u00ebrruar nga magazinier me pag\u00eb modeste, n\u00eb pronar t\u00eb subjektit pjes\u00eb e koncesionarit p\u00ebr projektimin, nd\u00ebrtimin, mir\u00ebmbajtjen e portit t\u00eb integruar n\u00eb Triport Vlor\u00eb, sipas kontrat\u00ebs koncesionare me t\u00eb nj\u00ebjtin objekt t\u00eb lidhur midis MIE dhe Koncesionarit m\u00eb 29 Prill 2022, me vler\u00eb t\u00eb parashikuar t\u00eb projektit 44.9 milion euro.<\/p>\n<p>Sa mir\u00eb kur fati t\u00eb buz\u00ebqesh\u2026<\/p>\n<p>Nga rrog\u00ebtar shnd\u00ebrrohesh n\u00eb koncesionar apo dhe investitor i fuqish\u00ebm me projekte miliona e miliona euro\u2026<\/p>\n<p>Ndoshta fati t\u00eb ndihmon n\u00ebse ke qen\u00eb nj\u00ebher\u00eb pun\u00ebmarr\u00ebs i P\u00ebllumb Salillarit\u2026.<\/p>\n<p>Ndoshta fati t\u00eb ndihmon kur Edi dhe P\u00ebllumbi si b\u00ebhet magjia\u2026<\/p>\n<p>Vet\u00ebm Spaku nuk e di akoma\u2026.<\/p>\n","protected":false},"excerpt":{"rendered":"<p>Partia Demokratike ka denoncuar vendimet e dyshimta t\u00eb qeveris\u00eb s\u00eb Edi Ram\u00ebs, t\u00eb dh\u00ebna pak dit\u00eb m\u00eb par\u00eb. Si\u00e7 edhe kan\u00eb raportuar m\u00eb her\u00ebt mediat, qeveria Rama i ka dh\u00ebn\u00eb nj\u00eb park fotovoltaik nj\u00eb kompanie t\u00eb themeluar vet\u00ebm 16 muaj m\u00eb par\u00eb dhe me kapital 100 mij\u00eb lek, q\u00eb nuk i ka fondet e nevojshme &hellip;<\/p>\n","protected":false},"author":4,"featured_media":116656,"comment_status":"closed","ping_status":"closed","sticky":false,"template":"","format":"standard","meta":{"footnotes":""},"categories":[37],"tags":[],"class_list":["post-116660","post","type-post","status-publish","format-standard","has-post-thumbnail","","category-politike"],"_links":{"self":[{"href":"https:\/\/rdnews.al\/index.php\/wp-json\/wp\/v2\/posts\/116660","targetHints":{"allow":["GET"]}}],"collection":[{"href":"https:\/\/rdnews.al\/index.php\/wp-json\/wp\/v2\/posts"}],"about":[{"href":"https:\/\/rdnews.al\/index.php\/wp-json\/wp\/v2\/types\/post"}],"author":[{"embeddable":true,"href":"https:\/\/rdnews.al\/index.php\/wp-json\/wp\/v2\/users\/4"}],"replies":[{"embeddable":true,"href":"https:\/\/rdnews.al\/index.php\/wp-json\/wp\/v2\/comments?post=116660"}],"version-history":[{"count":2,"href":"https:\/\/rdnews.al\/index.php\/wp-json\/wp\/v2\/posts\/116660\/revisions"}],"predecessor-version":[{"id":116662,"href":"https:\/\/rdnews.al\/index.php\/wp-json\/wp\/v2\/posts\/116660\/revisions\/116662"}],"wp:featuredmedia":[{"embeddable":true,"href":"https:\/\/rdnews.al\/index.php\/wp-json\/wp\/v2\/media\/116656"}],"wp:attachment":[{"href":"https:\/\/rdnews.al\/index.php\/wp-json\/wp\/v2\/media?parent=116660"}],"wp:term":[{"taxonomy":"category","embeddable":true,"href":"https:\/\/rdnews.al\/index.php\/wp-json\/wp\/v2\/categories?post=116660"},{"taxonomy":"post_tag","embeddable":true,"href":"https:\/\/rdnews.al\/index.php\/wp-json\/wp\/v2\/tags?post=116660"}],"curies":[{"name":"wp","href":"https:\/\/api.w.org\/{rel}","templated":true}]}}